{"id":78904,"date":"2021-07-08T16:01:03","date_gmt":"2021-07-08T19:01:03","guid":{"rendered":"https:\/\/tvtecjundiai.com.br\/news\/?p=78904"},"modified":"2021-07-08T16:01:09","modified_gmt":"2021-07-08T19:01:09","slug":"grupo-de-trabalho-se-reune-para-discutir-politicas-sobre-prevencao-ao-suicidio","status":"publish","type":"post","link":"https:\/\/tvtecjundiai.com.br\/news\/2021\/07\/08\/grupo-de-trabalho-se-reune-para-discutir-politicas-sobre-prevencao-ao-suicidio\/","title":{"rendered":"Grupo de trabalho se re\u00fane para discutir pol\u00edticas sobre preven\u00e7\u00e3o ao suic\u00eddio"},"content":{"rendered":"\n<p>O grupo de trabalho da Pol\u00edtica Municipal de Preven\u00e7\u00e3o da Automutila\u00e7\u00e3o e do Suic\u00eddio fez sua primeira reuni\u00e3o na manh\u00e3 desta quarta-feira (7), no Pa\u00e7o Municipal. O grupo \u00e9 composto por 19 pessoas e foi constru\u00eddo por iniciativa da Unidade de Gest\u00e3o da Casa Civil (UGCC), por meio do N\u00facleo de Articula\u00e7\u00e3o de Pol\u00edticas P\u00fablicas \u2013 Direitos Humanos. O trabalho \u00e9 desenvolvido com a Unidade de Gest\u00e3o de Promo\u00e7\u00e3o da Sa\u00fade (UGPS) e tem o objetivo de valorizar a vida e a dignidade da pessoa humana atrav\u00e9s do fomento de pol\u00edticas p\u00fablicas transversais.<\/p>\n\n\n\n<figure class=\"wp-block-image size-large\"><img loading=\"lazy\" decoding=\"async\" width=\"1200\" height=\"900\" src=\"https:\/\/tvtecjundiai.com.br\/news\/wp-content\/uploads\/sites\/2\/2021\/07\/reuniao-suicidio-1200x900.jpeg\" alt=\"\" class=\"wp-image-78905\" srcset=\"https:\/\/tvtecjundiai.com.br\/news\/wp-content\/uploads\/sites\/2\/2021\/07\/reuniao-suicidio-1200x900.jpeg 1200w, https:\/\/tvtecjundiai.com.br\/news\/wp-content\/uploads\/sites\/2\/2021\/07\/reuniao-suicidio-300x225.jpeg 300w, https:\/\/tvtecjundiai.com.br\/news\/wp-content\/uploads\/sites\/2\/2021\/07\/reuniao-suicidio-768x576.jpeg 768w, https:\/\/tvtecjundiai.com.br\/news\/wp-content\/uploads\/sites\/2\/2021\/07\/reuniao-suicidio.jpeg 1280w\" sizes=\"auto, (max-width: 1200px) 100vw, 1200px\" \/><figcaption>Sandri, durante a reuni\u00e3o de trabalho, destacou a import\u00e2ncia da constru\u00e7\u00e3o do Plano Municipal de Preven\u00e7\u00e3o da Automutila\u00e7\u00e3o e do Suic\u00eddio<\/figcaption><\/figure>\n\n\n\n<p>\u201cDesde 2017, a gest\u00e3o do prefeito Luiz Fernando Machado tem abordado, em diferentes ocasi\u00f5es, o tema do suic\u00eddio, inclusive em di\u00e1logo com a sociedade. O maior bem de um munic\u00edpio \u00e9 a pessoa que ali vive, o que explica a necessidade e a import\u00e2ncia de um grupo de trabalho como esse\u201d, explica o gestor da UGCC, Gustavo Leopoldo Caserta Maryssael de Campos.<\/p>\n\n\n\n<p>Nessa primeira reuni\u00e3o, segundo o coordenador de Sa\u00fade Mental da UGPS, Alexandre Moreno Sandri, foi recepcionado o grupo de trabalho, com a apresenta\u00e7\u00e3o das diretrizes do trabalho, apresenta\u00e7\u00e3o de dados e todas as tratativas iniciais. \u201cO objetivo desse trabalho \u00e9 a constru\u00e7\u00e3o do Plano Municipal de Preven\u00e7\u00e3o da Automutila\u00e7\u00e3o e do Suic\u00eddio e, assim, buscar a diminu\u00ed\u00e7\u00e3o ou mesmo o estancamento desses casos em nossa cidade\u201d, explica. \u201cMas claro que isso depende de um pacto entre diferentes setores da sociedade, como sa\u00fade, educa\u00e7\u00e3o, seguran\u00e7a p\u00fablica, entre outros.\u201d O grupo de trabalho realizar\u00e1 encontros mensais e o pr\u00f3ximo ser\u00e1 em 11 de agosto.<\/p>\n\n\n\n<p>De acordo com dados da UGPS, em 2019 foram registradas 249 tentativas de suic\u00eddio na cidade. Em 2020, foram 233 e, at\u00e9 o m\u00eas de maio deste ano, 96 registros. Sobre os suic\u00eddios consumados, foram 29 em 2019, 25 em 2020 e, neste ano (at\u00e9 maio), foram registrados nove suic\u00eddios no munic\u00edpio.<\/p>\n\n\n\n<p>Jundia\u00ed conta com a Rede de Aten\u00e7\u00e3o Psicossocial (RAPS), estruturada para o atendimento em sa\u00fade mental nas diferentes complexidades e nos diferentes n\u00edveis de aten\u00e7\u00e3o. Nos \u00faltimos anos, destacam-se a atua\u00e7\u00e3o dos CAPS (Centro de Aten\u00e7\u00e3o Psicossocial), com porta aberta, a amplia\u00e7\u00e3o das equipes de NASF (N\u00facleo Ampliado de Sa\u00fade da Fam\u00edlia), a articula\u00e7\u00e3o com o SAMU e hospital geral; e a busca ativa de todos os casos de tentativa de suic\u00eddio.<\/p>\n\n\n\n<p><em>(Texto\/Imagem: Prefeitura de Jundia\u00ed)<\/em><\/p>\n","protected":false},"excerpt":{"rendered":"<p>O grupo \u00e9 composto por 19 pessoas e foi constru\u00eddo por iniciativa da Unidade de Gest\u00e3o da Casa Civil (UGCC)<\/p>\n","protected":false},"author":28,"featured_media":78905,"comment_status":"closed","ping_status":"closed","sticky":false,"template":"","format":"standard","meta":{"footnotes":""},"categories":[8356,1],"tags":[],"class_list":["post-78904","post","type-post","status-publish","format-standard","has-post-thumbnail","hentry","category-jundiai","category-noticias"],"_links":{"self":[{"href":"https:\/\/tvtecjundiai.com.br\/news\/wp-json\/wp\/v2\/posts\/78904","targetHints":{"allow":["GET"]}}],"collection":[{"href":"https:\/\/tvtecjundiai.com.br\/news\/wp-json\/wp\/v2\/posts"}],"about":[{"href":"https:\/\/tvtecjundiai.com.br\/news\/wp-json\/wp\/v2\/types\/post"}],"author":[{"embeddable":true,"href":"https:\/\/tvtecjundiai.com.br\/news\/wp-json\/wp\/v2\/users\/28"}],"replies":[{"embeddable":true,"href":"https:\/\/tvtecjundiai.com.br\/news\/wp-json\/wp\/v2\/comments?post=78904"}],"version-history":[{"count":1,"href":"https:\/\/tvtecjundiai.com.br\/news\/wp-json\/wp\/v2\/posts\/78904\/revisions"}],"predecessor-version":[{"id":78906,"href":"https:\/\/tvtecjundiai.com.br\/news\/wp-json\/wp\/v2\/posts\/78904\/revisions\/78906"}],"wp:featuredmedia":[{"embeddable":true,"href":"https:\/\/tvtecjundiai.com.br\/news\/wp-json\/wp\/v2\/media\/78905"}],"wp:attachment":[{"href":"https:\/\/tvtecjundiai.com.br\/news\/wp-json\/wp\/v2\/media?parent=78904"}],"wp:term":[{"taxonomy":"category","embeddable":true,"href":"https:\/\/tvtecjundiai.com.br\/news\/wp-json\/wp\/v2\/categories?post=78904"},{"taxonomy":"post_tag","embeddable":true,"href":"https:\/\/tvtecjundiai.com.br\/news\/wp-json\/wp\/v2\/tags?post=78904"}],"curies":[{"name":"wp","href":"https:\/\/api.w.org\/{rel}","templated":true}]}}