{"id":78910,"date":"2021-07-08T16:36:59","date_gmt":"2021-07-08T19:36:59","guid":{"rendered":"https:\/\/tvtecjundiai.com.br\/news\/?p=78910"},"modified":"2021-07-08T16:40:20","modified_gmt":"2021-07-08T19:40:20","slug":"prefeitura-de-jundiai-registra-seis-obitos-por-covid-19-nesta-quinta-feira-08-2","status":"publish","type":"post","link":"https:\/\/tvtecjundiai.com.br\/news\/2021\/07\/08\/prefeitura-de-jundiai-registra-seis-obitos-por-covid-19-nesta-quinta-feira-08-2\/","title":{"rendered":"Jundia\u00ed registra seis \u00f3bitos por COVID-19 nesta quinta-feira (08)"},"content":{"rendered":"\n<p>A Prefeitura de Jundia\u00ed informa que, nesta quinta-feira (08), seis \u00f3bitos foram contabilizados de residentes na cidade causados pelo Novo Coronav\u00edrus.<\/p>\n\n\n\n<p>Homem, 48 anos, obeso, portador de doen\u00e7a cardiovascular cr\u00f4nica. Internou 20\/06 e faleceu 07\/07 no hospital S\u00e3o Vicente.<\/p>\n\n\n\n<p>Homem, 50 anos, obeso. Internou 15\/06 e faleceu 07\/07 em hospital privado da cidade.<\/p>\n\n\n\n<p>Homem, 55 anos, obeso. Internou 01\/07 e faleceu 08\/07 no hospital S\u00e3o Vicente.<\/p>\n\n\n\n<p>Homem, 62 anos, portador de doen\u00e7a cardiovascular e neurol\u00f3gica cr\u00f4nicas. Internou 03\/07 e faleceu 08\/07 no hospital S\u00e3o Vicente.<\/p>\n\n\n\n<p>Homem, 84 anos, portador de doen\u00e7a cardiovascular cr\u00f4nica. Internou 28\/06 e faleceu 08\/07 no hospital S\u00e3o Vicente.<\/p>\n\n\n\n<p>Homem, 34 anos, sem comorbidades registradas. Faleceu 24\/06 em outro munic\u00edpio.<\/p>\n\n\n\n<p>At\u00e9 o momento, a cidade registra 1440 \u00f3bitos causados pela COVID-19 desde o in\u00edcio da pandemia.<\/p>\n\n\n\n<figure class=\"wp-block-image size-large\"><img loading=\"lazy\" decoding=\"async\" width=\"960\" height=\"960\" src=\"https:\/\/tvtecjundiai.com.br\/news\/wp-content\/uploads\/sites\/2\/2021\/07\/WhatsApp-Image-2021-07-08-at-16.28.51-960x960.jpeg\" alt=\"\" class=\"wp-image-78911\" srcset=\"https:\/\/tvtecjundiai.com.br\/news\/wp-content\/uploads\/sites\/2\/2021\/07\/WhatsApp-Image-2021-07-08-at-16.28.51-960x960.jpeg 960w, https:\/\/tvtecjundiai.com.br\/news\/wp-content\/uploads\/sites\/2\/2021\/07\/WhatsApp-Image-2021-07-08-at-16.28.51-300x300.jpeg 300w, https:\/\/tvtecjundiai.com.br\/news\/wp-content\/uploads\/sites\/2\/2021\/07\/WhatsApp-Image-2021-07-08-at-16.28.51-100x100.jpeg 100w, https:\/\/tvtecjundiai.com.br\/news\/wp-content\/uploads\/sites\/2\/2021\/07\/WhatsApp-Image-2021-07-08-at-16.28.51-768x768.jpeg 768w, https:\/\/tvtecjundiai.com.br\/news\/wp-content\/uploads\/sites\/2\/2021\/07\/WhatsApp-Image-2021-07-08-at-16.28.51.jpeg 1280w\" sizes=\"auto, (max-width: 960px) 100vw, 960px\" \/><\/figure>\n\n\n\n<figure class=\"wp-block-image size-large\"><img loading=\"lazy\" decoding=\"async\" width=\"960\" height=\"960\" src=\"https:\/\/tvtecjundiai.com.br\/news\/wp-content\/uploads\/sites\/2\/2021\/07\/slide2-5-960x960.png\" alt=\"\" class=\"wp-image-78912\" srcset=\"https:\/\/tvtecjundiai.com.br\/news\/wp-content\/uploads\/sites\/2\/2021\/07\/slide2-5-960x960.png 960w, https:\/\/tvtecjundiai.com.br\/news\/wp-content\/uploads\/sites\/2\/2021\/07\/slide2-5-300x300.png 300w, https:\/\/tvtecjundiai.com.br\/news\/wp-content\/uploads\/sites\/2\/2021\/07\/slide2-5-100x100.png 100w, https:\/\/tvtecjundiai.com.br\/news\/wp-content\/uploads\/sites\/2\/2021\/07\/slide2-5-768x768.png 768w, https:\/\/tvtecjundiai.com.br\/news\/wp-content\/uploads\/sites\/2\/2021\/07\/slide2-5.png 1280w\" sizes=\"auto, (max-width: 960px) 100vw, 960px\" \/><\/figure>\n\n\n\n<p><em>(Texto\/Imagem: Prefeitura de Jundia\u00ed)<\/em><\/p>\n","protected":false},"excerpt":{"rendered":"<p>Homem de 34 anos sem comorbidades est\u00e1 entre as v\u00edtimas <\/p>\n","protected":false},"author":28,"featured_media":78259,"comment_status":"closed","ping_status":"closed","sticky":false,"template":"","format":"standard","meta":{"footnotes":""},"categories":[8356,1],"tags":[],"class_list":["post-78910","post","type-post","status-publish","format-standard","has-post-thumbnail","hentry","category-jundiai","category-noticias"],"_links":{"self":[{"href":"https:\/\/tvtecjundiai.com.br\/news\/wp-json\/wp\/v2\/posts\/78910","targetHints":{"allow":["GET"]}}],"collection":[{"href":"https:\/\/tvtecjundiai.com.br\/news\/wp-json\/wp\/v2\/posts"}],"about":[{"href":"https:\/\/tvtecjundiai.com.br\/news\/wp-json\/wp\/v2\/types\/post"}],"author":[{"embeddable":true,"href":"https:\/\/tvtecjundiai.com.br\/news\/wp-json\/wp\/v2\/users\/28"}],"replies":[{"embeddable":true,"href":"https:\/\/tvtecjundiai.com.br\/news\/wp-json\/wp\/v2\/comments?post=78910"}],"version-history":[{"count":3,"href":"https:\/\/tvtecjundiai.com.br\/news\/wp-json\/wp\/v2\/posts\/78910\/revisions"}],"predecessor-version":[{"id":78916,"href":"https:\/\/tvtecjundiai.com.br\/news\/wp-json\/wp\/v2\/posts\/78910\/revisions\/78916"}],"wp:featuredmedia":[{"embeddable":true,"href":"https:\/\/tvtecjundiai.com.br\/news\/wp-json\/wp\/v2\/media\/78259"}],"wp:attachment":[{"href":"https:\/\/tvtecjundiai.com.br\/news\/wp-json\/wp\/v2\/media?parent=78910"}],"wp:term":[{"taxonomy":"category","embeddable":true,"href":"https:\/\/tvtecjundiai.com.br\/news\/wp-json\/wp\/v2\/categories?post=78910"},{"taxonomy":"post_tag","embeddable":true,"href":"https:\/\/tvtecjundiai.com.br\/news\/wp-json\/wp\/v2\/tags?post=78910"}],"curies":[{"name":"wp","href":"https:\/\/api.w.org\/{rel}","templated":true}]}}