{"id":78920,"date":"2021-07-08T17:42:31","date_gmt":"2021-07-08T20:42:31","guid":{"rendered":"https:\/\/tvtecjundiai.com.br\/news\/?p=78920"},"modified":"2021-07-08T17:45:53","modified_gmt":"2021-07-08T20:45:53","slug":"vacinacao-contra-influenza-sera-em-ceces-nesta-segunda-feira-12-1","status":"publish","type":"post","link":"https:\/\/tvtecjundiai.com.br\/news\/2021\/07\/08\/vacinacao-contra-influenza-sera-em-ceces-nesta-segunda-feira-12-1\/","title":{"rendered":"Na segunda (12), vacina\u00e7\u00e3o contra influenza ser\u00e1 em Centros Esportivos de Jundia\u00ed"},"content":{"rendered":"\n<p>A partir da libera\u00e7\u00e3o da aplica\u00e7\u00e3o das doses de vacinas contra a Influenza para a popula\u00e7\u00e3o em geral pelo governo do Estado, a Unidade de Gest\u00e3o de Promo\u00e7\u00e3o da Sa\u00fade (UGPS) abre a aplica\u00e7\u00e3o para pessoas a partir de 9 anos, nesta segunda-feira (12), nos Complexos Educacionais, Culturais e Esportivos (CECEs) Aramis Polli e Francisco Dal Santo, das 8h30 \u00e0s 15h30.<\/p>\n\n\n\n<p>Para a recep\u00e7\u00e3o da vacina \u00e9 necess\u00e1rio apresentar documento de identidade e, caso tenham recebido vacina contra a COVID-19, o cart\u00e3o do registro da vacina\u00e7\u00e3o, j\u00e1 que \u00e9 necess\u00e1rio o intervalo de 14 dias entre um imunizante e outro. A vacina\u00e7\u00e3o ser\u00e1 em sistema de aplica\u00e7\u00e3o no interior do complexo, n\u00e3o sendo realizado o sistema drive-thru.<\/p>\n\n\n\n<figure class=\"wp-block-image size-large\"><img loading=\"lazy\" decoding=\"async\" width=\"1200\" height=\"801\" src=\"https:\/\/tvtecjundiai.com.br\/news\/wp-content\/uploads\/sites\/2\/2021\/07\/vacina-influenza-profissionais-da-saude_ubs-jardim-do-lago-51-1200x801.jpg\" alt=\"\" class=\"wp-image-78921\" srcset=\"https:\/\/tvtecjundiai.com.br\/news\/wp-content\/uploads\/sites\/2\/2021\/07\/vacina-influenza-profissionais-da-saude_ubs-jardim-do-lago-51-1200x801.jpg 1200w, https:\/\/tvtecjundiai.com.br\/news\/wp-content\/uploads\/sites\/2\/2021\/07\/vacina-influenza-profissionais-da-saude_ubs-jardim-do-lago-51-300x200.jpg 300w, https:\/\/tvtecjundiai.com.br\/news\/wp-content\/uploads\/sites\/2\/2021\/07\/vacina-influenza-profissionais-da-saude_ubs-jardim-do-lago-51-768x512.jpg 768w, https:\/\/tvtecjundiai.com.br\/news\/wp-content\/uploads\/sites\/2\/2021\/07\/vacina-influenza-profissionais-da-saude_ubs-jardim-do-lago-51.jpg 1280w\" sizes=\"auto, (max-width: 1200px) 100vw, 1200px\" \/><\/figure>\n\n\n\n<p>A Vigil\u00e2ncia Epidemiol\u00f3gica (VE) informa que, conforme a ades\u00e3o da popula\u00e7\u00e3o \u00e0 vacina, haver\u00e1 organiza\u00e7\u00e3o adicional em Unidade B\u00e1sica de Sa\u00fade (UBS).<\/p>\n\n\n\n<p><em>(Texto\/Imagem: Prefeitura de Jundia\u00ed)<\/em><\/p>\n","protected":false},"excerpt":{"rendered":"<p>A Prefeitura de Jundia\u00ed abre vacina\u00e7\u00e3o contra Influenza para popula\u00e7\u00e3o em geral, a partir dos 9 anos<\/p>\n","protected":false},"author":28,"featured_media":78921,"comment_status":"closed","ping_status":"closed","sticky":false,"template":"","format":"standard","meta":{"footnotes":""},"categories":[8356,1],"tags":[],"class_list":["post-78920","post","type-post","status-publish","format-standard","has-post-thumbnail","hentry","category-jundiai","category-noticias"],"_links":{"self":[{"href":"https:\/\/tvtecjundiai.com.br\/news\/wp-json\/wp\/v2\/posts\/78920","targetHints":{"allow":["GET"]}}],"collection":[{"href":"https:\/\/tvtecjundiai.com.br\/news\/wp-json\/wp\/v2\/posts"}],"about":[{"href":"https:\/\/tvtecjundiai.com.br\/news\/wp-json\/wp\/v2\/types\/post"}],"author":[{"embeddable":true,"href":"https:\/\/tvtecjundiai.com.br\/news\/wp-json\/wp\/v2\/users\/28"}],"replies":[{"embeddable":true,"href":"https:\/\/tvtecjundiai.com.br\/news\/wp-json\/wp\/v2\/comments?post=78920"}],"version-history":[{"count":2,"href":"https:\/\/tvtecjundiai.com.br\/news\/wp-json\/wp\/v2\/posts\/78920\/revisions"}],"predecessor-version":[{"id":78925,"href":"https:\/\/tvtecjundiai.com.br\/news\/wp-json\/wp\/v2\/posts\/78920\/revisions\/78925"}],"wp:featuredmedia":[{"embeddable":true,"href":"https:\/\/tvtecjundiai.com.br\/news\/wp-json\/wp\/v2\/media\/78921"}],"wp:attachment":[{"href":"https:\/\/tvtecjundiai.com.br\/news\/wp-json\/wp\/v2\/media?parent=78920"}],"wp:term":[{"taxonomy":"category","embeddable":true,"href":"https:\/\/tvtecjundiai.com.br\/news\/wp-json\/wp\/v2\/categories?post=78920"},{"taxonomy":"post_tag","embeddable":true,"href":"https:\/\/tvtecjundiai.com.br\/news\/wp-json\/wp\/v2\/tags?post=78920"}],"curies":[{"name":"wp","href":"https:\/\/api.w.org\/{rel}","templated":true}]}}