{"id":78924,"date":"2021-07-08T17:51:00","date_gmt":"2021-07-08T20:51:00","guid":{"rendered":"https:\/\/tvtecjundiai.com.br\/news\/?p=78924"},"modified":"2021-07-08T17:51:04","modified_gmt":"2021-07-08T20:51:04","slug":"servidores-de-jundiai-doam-alimentos-e-produtos-de-higiene-e-limpeza-para-fundo-social","status":"publish","type":"post","link":"https:\/\/tvtecjundiai.com.br\/news\/2021\/07\/08\/servidores-de-jundiai-doam-alimentos-e-produtos-de-higiene-e-limpeza-para-fundo-social\/","title":{"rendered":"Servidores de Jundia\u00ed doam alimentos e produtos de higiene e limpeza para Fundo Social"},"content":{"rendered":"\n<p>A Unidade de Gest\u00e3o de Administra\u00e7\u00e3o e Gest\u00e3o de Pessoas (UGAGP) arrecadou 520 quilos de alimentos e produtos de higiene e limpeza atrav\u00e9s da a\u00e7\u00e3o Dia \u201cD\u201d Servidor Solid\u00e1rio. Todos os produtos arrecadados foram doados ao Fundo Social de Solidariedade (Funss), em ato com a presen\u00e7a da presidente do \u00f3rg\u00e3o, Vanessa Machado, na tarde desta quinta-feira (8).<\/p>\n\n\n\n<p>\u201cEstamos muito felizes com a participa\u00e7\u00e3o dos servidores. Este apoio refor\u00e7a o trabalho realizado pelo Fundo Social junto \u00e0s entidades cadastradas, que atendem fam\u00edlias em vulnerabilidade, em nossa cidade\u201d, destacou Vanessa.<\/p>\n\n\n\n<figure class=\"wp-block-image size-large\"><img loading=\"lazy\" decoding=\"async\" width=\"1200\" height=\"821\" src=\"https:\/\/tvtecjundiai.com.br\/news\/wp-content\/uploads\/sites\/2\/2021\/07\/dpf8633-1200x821.jpg\" alt=\"\" class=\"wp-image-78926\" srcset=\"https:\/\/tvtecjundiai.com.br\/news\/wp-content\/uploads\/sites\/2\/2021\/07\/dpf8633-1200x821.jpg 1200w, https:\/\/tvtecjundiai.com.br\/news\/wp-content\/uploads\/sites\/2\/2021\/07\/dpf8633-300x205.jpg 300w, https:\/\/tvtecjundiai.com.br\/news\/wp-content\/uploads\/sites\/2\/2021\/07\/dpf8633-768x526.jpg 768w, https:\/\/tvtecjundiai.com.br\/news\/wp-content\/uploads\/sites\/2\/2021\/07\/dpf8633.jpg 1280w\" sizes=\"auto, (max-width: 1200px) 100vw, 1200px\" \/><figcaption>Vanessa Machado, ao centro, recebe os alimentos e produtos de limpeza de diferentes servidores p\u00fablicos municipais<\/figcaption><\/figure>\n\n\n\n<p>A gestora de Educa\u00e7\u00e3o, Vasti Ferrari Marques, tamb\u00e9m acompanhou a entrega. \u201cO volume arrecadado mostra o quanto o servidor est\u00e1 engajado. A causa \u00e9 nobre. E em uma a\u00e7\u00e3o como essa n\u00e3o poderia faltar a contribui\u00e7\u00e3o do servidor da Educa\u00e7\u00e3o, com um posto para doa\u00e7\u00e3o no Complexo Argos.\u201d Tamb\u00e9m esteve presente na entrega a diretora de desenvolvimento do servidor, Sivone Caetano Vilella.<\/p>\n\n\n\n<p>Como explica a Assistente Social Camila Gorla Leite, da Divis\u00e3o de Servi\u00e7o Social da UGAGP, os servidores p\u00fablicos municipais s\u00e3o engajados nas causas sociais e esta a\u00e7\u00e3o de arrecada\u00e7\u00e3o est\u00e1 integrada ao Programa SERvidor Solid\u00e1rio. \u201cOs servidores mostraram bastante ades\u00e3o \u00e0 campanha fazendo a doa\u00e7\u00e3o de produtos diversos, como macarr\u00e3o, leite, farinha, al\u00e9m de produtos de limpeza e higiene pessoal\u201d, explica Camila. \u201cFizemos a divulga\u00e7\u00e3o por e-mail e nas redes sociais durante 15 dias e as arrecada\u00e7\u00f5es aconteceram no Pa\u00e7o Municipal e no Complexo Argos, nas \u00faltimas ter\u00e7a e quarta-feira. O resultado foi positivo, e estaremos incluindo esta a\u00e7\u00e3o no calend\u00e1rio do Programa SERvidor Solid\u00e1rio anualmente. \u201d<\/p>\n\n\n\n<p><em>(Texto\/Imagem: Prefeitura de Jundia\u00ed)<\/em><\/p>\n","protected":false},"excerpt":{"rendered":"<p>Foram arrecadados 520 quilos de alimentos e produtos de higiene e limpeza<\/p>\n","protected":false},"author":28,"featured_media":78926,"comment_status":"closed","ping_status":"closed","sticky":false,"template":"","format":"standard","meta":{"footnotes":""},"categories":[8356,1],"tags":[],"class_list":["post-78924","post","type-post","status-publish","format-standard","has-post-thumbnail","hentry","category-jundiai","category-noticias"],"_links":{"self":[{"href":"https:\/\/tvtecjundiai.com.br\/news\/wp-json\/wp\/v2\/posts\/78924","targetHints":{"allow":["GET"]}}],"collection":[{"href":"https:\/\/tvtecjundiai.com.br\/news\/wp-json\/wp\/v2\/posts"}],"about":[{"href":"https:\/\/tvtecjundiai.com.br\/news\/wp-json\/wp\/v2\/types\/post"}],"author":[{"embeddable":true,"href":"https:\/\/tvtecjundiai.com.br\/news\/wp-json\/wp\/v2\/users\/28"}],"replies":[{"embeddable":true,"href":"https:\/\/tvtecjundiai.com.br\/news\/wp-json\/wp\/v2\/comments?post=78924"}],"version-history":[{"count":1,"href":"https:\/\/tvtecjundiai.com.br\/news\/wp-json\/wp\/v2\/posts\/78924\/revisions"}],"predecessor-version":[{"id":78927,"href":"https:\/\/tvtecjundiai.com.br\/news\/wp-json\/wp\/v2\/posts\/78924\/revisions\/78927"}],"wp:featuredmedia":[{"embeddable":true,"href":"https:\/\/tvtecjundiai.com.br\/news\/wp-json\/wp\/v2\/media\/78926"}],"wp:attachment":[{"href":"https:\/\/tvtecjundiai.com.br\/news\/wp-json\/wp\/v2\/media?parent=78924"}],"wp:term":[{"taxonomy":"category","embeddable":true,"href":"https:\/\/tvtecjundiai.com.br\/news\/wp-json\/wp\/v2\/categories?post=78924"},{"taxonomy":"post_tag","embeddable":true,"href":"https:\/\/tvtecjundiai.com.br\/news\/wp-json\/wp\/v2\/tags?post=78924"}],"curies":[{"name":"wp","href":"https:\/\/api.w.org\/{rel}","templated":true}]}}