{"id":78937,"date":"2021-07-09T15:50:12","date_gmt":"2021-07-09T18:50:12","guid":{"rendered":"https:\/\/tvtecjundiai.com.br\/news\/?p=78937"},"modified":"2021-07-09T15:50:52","modified_gmt":"2021-07-09T18:50:52","slug":"app-educacao-faz-o-monitoramento-da-situacao-epidemiologica-das-escolas","status":"publish","type":"post","link":"https:\/\/tvtecjundiai.com.br\/news\/2021\/07\/09\/app-educacao-faz-o-monitoramento-da-situacao-epidemiologica-das-escolas\/","title":{"rendered":"APP Educa\u00e7\u00e3o faz o monitoramento da situa\u00e7\u00e3o epidemiol\u00f3gica das escolas"},"content":{"rendered":"\n<p>Com o objetivo de manter a transpar\u00eancia das informa\u00e7\u00f5es e reunir os dados, o APP Educa\u00e7\u00e3o Jundia\u00ed promove o monitoramento semanal da situa\u00e7\u00e3o epidemiol\u00f3gica das escolas da rede municipal de ensino. A Vigil\u00e2ncia Epidemiol\u00f3gica apresenta o boletim do \u00faltimo per\u00edodo, de 01 a 07 de julho.<\/p>\n\n\n\n<p>Foi registrado 01 caso em alunos e 01 caso em profissionais de Educa\u00e7\u00e3o, ou seja, todo colaborador que atua na \u00e1rea Educa\u00e7\u00e3o, equipes administrativas, limpeza, cozinha, coordenadores, professores, diretores, entre outros. Desde o in\u00edcio do ano letivo de 2021 at\u00e9 07 de julho foram confirmados 189 casos em alunos e 305 em profissionais de educa\u00e7\u00e3o.<\/p>\n\n\n\n<p>Todas as unidades escolares seguem as orienta\u00e7\u00f5es do Comit\u00ea de Enfrentamento ao Coronav\u00edrus (CEC). As aulas seguem em sistema h\u00edbrido, com parte dos alunos em atividades presenciais e parte em sistema remoto e escalonamento dos grupos. Cada escola trabalha com o limite m\u00e1ximo de 35% de ocupa\u00e7\u00e3o, higieniza\u00e7\u00e3o dos ambientes, disponibiliza\u00e7\u00e3o de \u00e1lcool em gel, uso de m\u00e1scara e equipamentos de prote\u00e7\u00e3o individual para os profissionais.<\/p>\n\n\n\n<p><em>Fonte: Prefeitura de Jundia\u00ed<\/em><\/p>\n","protected":false},"excerpt":{"rendered":"<p>A Vigil\u00e2ncia Epidemiol\u00f3gica apresenta o boletim do \u00faltimo per\u00edodo, de 01 a 07 de julho<\/p>\n","protected":false},"author":24,"featured_media":78938,"comment_status":"closed","ping_status":"closed","sticky":false,"template":"","format":"standard","meta":{"footnotes":""},"categories":[2828,8356],"tags":[],"class_list":["post-78937","post","type-post","status-publish","format-standard","has-post-thumbnail","hentry","category-educacao","category-jundiai"],"_links":{"self":[{"href":"https:\/\/tvtecjundiai.com.br\/news\/wp-json\/wp\/v2\/posts\/78937","targetHints":{"allow":["GET"]}}],"collection":[{"href":"https:\/\/tvtecjundiai.com.br\/news\/wp-json\/wp\/v2\/posts"}],"about":[{"href":"https:\/\/tvtecjundiai.com.br\/news\/wp-json\/wp\/v2\/types\/post"}],"author":[{"embeddable":true,"href":"https:\/\/tvtecjundiai.com.br\/news\/wp-json\/wp\/v2\/users\/24"}],"replies":[{"embeddable":true,"href":"https:\/\/tvtecjundiai.com.br\/news\/wp-json\/wp\/v2\/comments?post=78937"}],"version-history":[{"count":2,"href":"https:\/\/tvtecjundiai.com.br\/news\/wp-json\/wp\/v2\/posts\/78937\/revisions"}],"predecessor-version":[{"id":78940,"href":"https:\/\/tvtecjundiai.com.br\/news\/wp-json\/wp\/v2\/posts\/78937\/revisions\/78940"}],"wp:featuredmedia":[{"embeddable":true,"href":"https:\/\/tvtecjundiai.com.br\/news\/wp-json\/wp\/v2\/media\/78938"}],"wp:attachment":[{"href":"https:\/\/tvtecjundiai.com.br\/news\/wp-json\/wp\/v2\/media?parent=78937"}],"wp:term":[{"taxonomy":"category","embeddable":true,"href":"https:\/\/tvtecjundiai.com.br\/news\/wp-json\/wp\/v2\/categories?post=78937"},{"taxonomy":"post_tag","embeddable":true,"href":"https:\/\/tvtecjundiai.com.br\/news\/wp-json\/wp\/v2\/tags?post=78937"}],"curies":[{"name":"wp","href":"https:\/\/api.w.org\/{rel}","templated":true}]}}