{"id":78949,"date":"2021-07-09T17:00:56","date_gmt":"2021-07-09T20:00:56","guid":{"rendered":"https:\/\/tvtecjundiai.com.br\/news\/?p=78949"},"modified":"2021-07-09T17:01:02","modified_gmt":"2021-07-09T20:01:02","slug":"jundiai-registra-mais-dois-obitos-nesta-sexta-feira-por-covid-19","status":"publish","type":"post","link":"https:\/\/tvtecjundiai.com.br\/news\/2021\/07\/09\/jundiai-registra-mais-dois-obitos-nesta-sexta-feira-por-covid-19\/","title":{"rendered":"Jundia\u00ed registra mais dois \u00f3bitos nesta sexta-feira por Covid-19"},"content":{"rendered":"\n<p>A Prefeitura de Jundia\u00ed informa que, nesta sexta-feira (09), 2 \u00f3bitos foram contabilizados de residentes na cidade causados pelo Novo Coronav\u00edrus.<\/p>\n\n\n\n<p>Mulher, 74 anos, sem comorbidades registradas. Internou em 02\/07 e faleceu em 08\/07 no Hospital S\u00e3o Vicente.<\/p>\n\n\n\n<p>Mulher, 60 anos, portadora de nefropatia cr\u00f4nica e diabetes. Internou em 06\/07 e faleceu em 09\/07 em hospital privado.<\/p>\n\n\n\n<p>At\u00e9 o momento, a cidade registra 1442 \u00f3bitos causados pela Covid-19 desde o in\u00edcio da pandemia.<\/p>\n\n\n\n<figure class=\"wp-block-image\"><img decoding=\"async\" src=\"https:\/\/jundiai.sp.gov.br\/noticias\/wp-content\/uploads\/sites\/32\/2021\/07\/slide1-2-960x960.jpg\" alt=\"\" class=\"wp-image-271977\" \/><\/figure>\n\n\n\n<figure class=\"wp-block-image\"><img decoding=\"async\" src=\"https:\/\/jundiai.sp.gov.br\/noticias\/wp-content\/uploads\/sites\/32\/2021\/07\/slide2-2-960x960.jpg\" alt=\"\" class=\"wp-image-271978\" \/><\/figure>\n\n\n\n<p><em>Fonte: Prefeitura de Jundia\u00ed<\/em><\/p>\n","protected":false},"excerpt":{"rendered":"<p>Uma mulher de 74 anos e um homem de 60 foram v\u00edtimas do novo coronav\u00edrus <\/p>\n","protected":false},"author":24,"featured_media":76978,"comment_status":"closed","ping_status":"closed","sticky":false,"template":"","format":"standard","meta":{"footnotes":""},"categories":[8356,1,2839,8355],"tags":[],"class_list":["post-78949","post","type-post","status-publish","format-standard","has-post-thumbnail","hentry","category-jundiai","category-noticias","category-saude","category-saude-3"],"_links":{"self":[{"href":"https:\/\/tvtecjundiai.com.br\/news\/wp-json\/wp\/v2\/posts\/78949","targetHints":{"allow":["GET"]}}],"collection":[{"href":"https:\/\/tvtecjundiai.com.br\/news\/wp-json\/wp\/v2\/posts"}],"about":[{"href":"https:\/\/tvtecjundiai.com.br\/news\/wp-json\/wp\/v2\/types\/post"}],"author":[{"embeddable":true,"href":"https:\/\/tvtecjundiai.com.br\/news\/wp-json\/wp\/v2\/users\/24"}],"replies":[{"embeddable":true,"href":"https:\/\/tvtecjundiai.com.br\/news\/wp-json\/wp\/v2\/comments?post=78949"}],"version-history":[{"count":1,"href":"https:\/\/tvtecjundiai.com.br\/news\/wp-json\/wp\/v2\/posts\/78949\/revisions"}],"predecessor-version":[{"id":78950,"href":"https:\/\/tvtecjundiai.com.br\/news\/wp-json\/wp\/v2\/posts\/78949\/revisions\/78950"}],"wp:featuredmedia":[{"embeddable":true,"href":"https:\/\/tvtecjundiai.com.br\/news\/wp-json\/wp\/v2\/media\/76978"}],"wp:attachment":[{"href":"https:\/\/tvtecjundiai.com.br\/news\/wp-json\/wp\/v2\/media?parent=78949"}],"wp:term":[{"taxonomy":"category","embeddable":true,"href":"https:\/\/tvtecjundiai.com.br\/news\/wp-json\/wp\/v2\/categories?post=78949"},{"taxonomy":"post_tag","embeddable":true,"href":"https:\/\/tvtecjundiai.com.br\/news\/wp-json\/wp\/v2\/tags?post=78949"}],"curies":[{"name":"wp","href":"https:\/\/api.w.org\/{rel}","templated":true}]}}