{"id":79031,"date":"2021-07-12T15:45:45","date_gmt":"2021-07-12T18:45:45","guid":{"rendered":"https:\/\/tvtecjundiai.com.br\/news\/?p=79031"},"modified":"2021-07-12T15:45:57","modified_gmt":"2021-07-12T18:45:57","slug":"influenza-vacinacao-sera-no-ginasio-dal-santo-nesta-terca-feira-13","status":"publish","type":"post","link":"https:\/\/tvtecjundiai.com.br\/news\/2021\/07\/12\/influenza-vacinacao-sera-no-ginasio-dal-santo-nesta-terca-feira-13\/","title":{"rendered":"Influenza: Vacina\u00e7\u00e3o ser\u00e1 no gin\u00e1sio Dal Santo, nesta ter\u00e7a-feira (13)"},"content":{"rendered":"\n<p>As doses de vacinas contra Influenza remanescentes dos p\u00fablicos priorit\u00e1rios e que foram liberadas para o p\u00fablico em geral, seguem, com oferta sem agendamento, nesta ter\u00e7a-feira (13), no Complexo Educacional, Cultural e Esportivo (CECE) Francisco Dal Santo, das 8h30 \u00e0s 15h30. Crian\u00e7as entre seis meses a menores de 9 anos continuam a ser vacinadas nas Unidades B\u00e1sicas de Sa\u00fade (UBS), de acordo com organiza\u00e7\u00e3o da Unidade de Gest\u00e3o de Promo\u00e7\u00e3o da Sa\u00fade (UGPS).<\/p>\n\n\n\n<p>Para a recep\u00e7\u00e3o da vacina \u00e9 necess\u00e1rio apresentar documento de identidade e, caso tenham recebido vacina contra a COVID-19, o cart\u00e3o do registro da vacina\u00e7\u00e3o, j\u00e1 que \u00e9 necess\u00e1rio o intervalo de 14 dias entre um imunizante e outro. A vacina\u00e7\u00e3o ser\u00e1 em sistema de aplica\u00e7\u00e3o no interior do complexo, n\u00e3o sendo realizado o sistema drive-thru. N\u00e3o h\u00e1 necessidade de agendamento.<\/p>\n\n\n\n<p>\u201c\u00c9 importante destacar que a libera\u00e7\u00e3o da vacina\u00e7\u00e3o ocorre com a oferta das doses j\u00e1 recebidas e remanescentes das a\u00e7\u00f5es feitas com os p\u00fablicos priorit\u00e1rios, que tiveram o in\u00edcio da aplica\u00e7\u00e3o no dia 12 de abril\u201d, comenta a enfermeira da Vigil\u00e2ncia Epidemiol\u00f3gica (VE)Maria do Carmo Possidente.<\/p>\n\n\n\n<figure class=\"wp-block-image size-large\"><img loading=\"lazy\" decoding=\"async\" width=\"1200\" height=\"801\" src=\"https:\/\/tvtecjundiai.com.br\/news\/wp-content\/uploads\/sites\/2\/2021\/07\/vacinacao_influenza_parque-da-uva-26-1200x801.jpg\" alt=\"\" class=\"wp-image-79032\" srcset=\"https:\/\/tvtecjundiai.com.br\/news\/wp-content\/uploads\/sites\/2\/2021\/07\/vacinacao_influenza_parque-da-uva-26-1200x801.jpg 1200w, https:\/\/tvtecjundiai.com.br\/news\/wp-content\/uploads\/sites\/2\/2021\/07\/vacinacao_influenza_parque-da-uva-26-300x200.jpg 300w, https:\/\/tvtecjundiai.com.br\/news\/wp-content\/uploads\/sites\/2\/2021\/07\/vacinacao_influenza_parque-da-uva-26-768x512.jpg 768w, https:\/\/tvtecjundiai.com.br\/news\/wp-content\/uploads\/sites\/2\/2021\/07\/vacinacao_influenza_parque-da-uva-26.jpg 1280w\" sizes=\"auto, (max-width: 1200px) 100vw, 1200px\" \/><figcaption>Vacina\u00e7\u00e3o contra a influenza segue na ter\u00e7a-feira (13), no CECE Francisco Dal Santo, das 8h30 \u00e0s 15h30<\/figcaption><\/figure>\n\n\n\n<p><strong>Aplica\u00e7\u00e3o<br><\/strong>Nesta segunda-feira (12), o movimento foi intenso nos pontos disponibilizados para a aplica\u00e7\u00e3o sem agendamento. Eduarda Siqueira da Cunha, 21 anos, moradora na Vila Lacerda, buscou pela imuniza\u00e7\u00e3o junto com a m\u00e3e e a tia. \u201cMinha m\u00e3e me avisou. Estar imunizada contra a gripe \u00e9 importante\u201d, comentou a mo\u00e7a, que foi at\u00e9 o CECE Aramis Polli, no in\u00edcio da tarde.<\/p>\n\n\n\n<p>Raimundo Eristeu Ara\u00fajo, 54 anos, morador no bairro \u00c1gua Doce, ficou feliz em receber a aplica\u00e7\u00e3o contra a gripe. \u201cA gente precisa se vacinar. Fica mais seguro\u201d, contou o homem, que aguardava a libera\u00e7\u00e3o das doses remanescentes para a aplica\u00e7\u00e3o na popula\u00e7\u00e3o em geral.<\/p>\n\n\n\n<p><em>(Texto\/Imagem: Prefeitura de Jundia\u00ed)<\/em><\/p>\n","protected":false},"excerpt":{"rendered":"<p>Para a recep\u00e7\u00e3o da vacina \u00e9 necess\u00e1rio apresentar documento de identidade e n\u00e3o h\u00e1 necessidade de agendamento<\/p>\n","protected":false},"author":28,"featured_media":79032,"comment_status":"closed","ping_status":"closed","sticky":false,"template":"","format":"standard","meta":{"footnotes":""},"categories":[8356,1],"tags":[],"class_list":["post-79031","post","type-post","status-publish","format-standard","has-post-thumbnail","hentry","category-jundiai","category-noticias"],"_links":{"self":[{"href":"https:\/\/tvtecjundiai.com.br\/news\/wp-json\/wp\/v2\/posts\/79031","targetHints":{"allow":["GET"]}}],"collection":[{"href":"https:\/\/tvtecjundiai.com.br\/news\/wp-json\/wp\/v2\/posts"}],"about":[{"href":"https:\/\/tvtecjundiai.com.br\/news\/wp-json\/wp\/v2\/types\/post"}],"author":[{"embeddable":true,"href":"https:\/\/tvtecjundiai.com.br\/news\/wp-json\/wp\/v2\/users\/28"}],"replies":[{"embeddable":true,"href":"https:\/\/tvtecjundiai.com.br\/news\/wp-json\/wp\/v2\/comments?post=79031"}],"version-history":[{"count":1,"href":"https:\/\/tvtecjundiai.com.br\/news\/wp-json\/wp\/v2\/posts\/79031\/revisions"}],"predecessor-version":[{"id":79033,"href":"https:\/\/tvtecjundiai.com.br\/news\/wp-json\/wp\/v2\/posts\/79031\/revisions\/79033"}],"wp:featuredmedia":[{"embeddable":true,"href":"https:\/\/tvtecjundiai.com.br\/news\/wp-json\/wp\/v2\/media\/79032"}],"wp:attachment":[{"href":"https:\/\/tvtecjundiai.com.br\/news\/wp-json\/wp\/v2\/media?parent=79031"}],"wp:term":[{"taxonomy":"category","embeddable":true,"href":"https:\/\/tvtecjundiai.com.br\/news\/wp-json\/wp\/v2\/categories?post=79031"},{"taxonomy":"post_tag","embeddable":true,"href":"https:\/\/tvtecjundiai.com.br\/news\/wp-json\/wp\/v2\/tags?post=79031"}],"curies":[{"name":"wp","href":"https:\/\/api.w.org\/{rel}","templated":true}]}}