{"id":79034,"date":"2021-07-12T16:10:02","date_gmt":"2021-07-12T19:10:02","guid":{"rendered":"https:\/\/tvtecjundiai.com.br\/news\/?p=79034"},"modified":"2021-07-12T16:10:07","modified_gmt":"2021-07-12T19:10:07","slug":"hospital-sao-vicente-elege-nova-diretoria-clinica-e-coordenacao-de-area-medica","status":"publish","type":"post","link":"https:\/\/tvtecjundiai.com.br\/news\/2021\/07\/12\/hospital-sao-vicente-elege-nova-diretoria-clinica-e-coordenacao-de-area-medica\/","title":{"rendered":"Hospital S\u00e3o Vicente elege nova Diretoria Cl\u00ednica e Coordena\u00e7\u00e3o de \u00c1rea M\u00e9dica"},"content":{"rendered":"\n<p>Na manh\u00e3 desta segunda-feira, 12, foi realizada a apura\u00e7\u00e3o de votos para elei\u00e7\u00e3o da Diretoria Cl\u00ednica e Coordena\u00e7\u00e3o de \u00c1rea M\u00e9dica e Odontol\u00f3gica do Hospital de Caridade S\u00e3o Vicente de Paulo (HSV). O per\u00edodo para que profissionais com mais de um ano de contrato junto \u00e0 institui\u00e7\u00e3o pudessem votar foi de 25\/06 a 12\/07.<\/p>\n\n\n\n<p>A diretoria cl\u00ednica, eleita com chapa \u00fanica, tem Dr. Frederico Michelino de Oliveira como Diretor Cl\u00ednico e Dr. Marcelo de Azevedo Munhoz como Vice-Diretor Cl\u00ednico.<\/p>\n\n\n\n<p>Os eleitos para Coordena\u00e7\u00e3o de \u00c1reas que prestam assist\u00eancia \u00e0 popula\u00e7\u00e3o s\u00e3o: Dra. Maria Fernanda Amaral Nunes \u2013 Anestesiologia; Dra. Tatiana Ricetto Canavezzi \u2013 Cl\u00ednica Cir\u00fargica\/Enfermaria; Dra. Lucimar Moraes Lima \u2013 Cl\u00ednica M\u00e9dica\/Enfermaria; Dr. Jos\u00e9 Antonio Kachan Junior \u2013 Odontologia; Dr. Marcelo de Azevedo Munhoz \u2013 Ortopedia; Dr. Luiz Carlos Bettiati J\u00fanior \u2013 Cirurgia Card\u00edaca\/Unidade Coronariana; Dr. Denis Isao Ueoka \u2013 Cl\u00ednica Neurol\u00f3gica; e Dra. Magda Yuriko Ikeda Pupo \u2013 Cl\u00ednica Nefrol\u00f3gica\/Hemodi\u00e1lise.<\/p>\n\n\n\n<figure class=\"wp-block-image size-large\"><img loading=\"lazy\" decoding=\"async\" width=\"1200\" height=\"898\" src=\"https:\/\/tvtecjundiai.com.br\/news\/wp-content\/uploads\/sites\/2\/2021\/07\/Processo-de-apuracao-dos-votos-1200x898.jpg\" alt=\"\" class=\"wp-image-79035\" srcset=\"https:\/\/tvtecjundiai.com.br\/news\/wp-content\/uploads\/sites\/2\/2021\/07\/Processo-de-apuracao-dos-votos-1200x898.jpg 1200w, https:\/\/tvtecjundiai.com.br\/news\/wp-content\/uploads\/sites\/2\/2021\/07\/Processo-de-apuracao-dos-votos-300x225.jpg 300w, https:\/\/tvtecjundiai.com.br\/news\/wp-content\/uploads\/sites\/2\/2021\/07\/Processo-de-apuracao-dos-votos-768x575.jpg 768w, https:\/\/tvtecjundiai.com.br\/news\/wp-content\/uploads\/sites\/2\/2021\/07\/Processo-de-apuracao-dos-votos.jpg 1280w\" sizes=\"auto, (max-width: 1200px) 100vw, 1200px\" \/><\/figure>\n\n\n\n<p>Os eleitos assumem imediatamente os postos e permanecem nos cargos at\u00e9 junho de 2023.<\/p>\n\n\n\n<p><em>(Texto\/Imagem: Assessoria de Imprensa)<\/em><\/p>\n","protected":false},"excerpt":{"rendered":"<p>Os eleitos assumem imediatamente os postos e permanecem nos cargos at\u00e9 junho de 2023<\/p>\n","protected":false},"author":28,"featured_media":79035,"comment_status":"closed","ping_status":"closed","sticky":false,"template":"","format":"standard","meta":{"footnotes":""},"categories":[8356,1],"tags":[],"class_list":["post-79034","post","type-post","status-publish","format-standard","has-post-thumbnail","hentry","category-jundiai","category-noticias"],"_links":{"self":[{"href":"https:\/\/tvtecjundiai.com.br\/news\/wp-json\/wp\/v2\/posts\/79034","targetHints":{"allow":["GET"]}}],"collection":[{"href":"https:\/\/tvtecjundiai.com.br\/news\/wp-json\/wp\/v2\/posts"}],"about":[{"href":"https:\/\/tvtecjundiai.com.br\/news\/wp-json\/wp\/v2\/types\/post"}],"author":[{"embeddable":true,"href":"https:\/\/tvtecjundiai.com.br\/news\/wp-json\/wp\/v2\/users\/28"}],"replies":[{"embeddable":true,"href":"https:\/\/tvtecjundiai.com.br\/news\/wp-json\/wp\/v2\/comments?post=79034"}],"version-history":[{"count":1,"href":"https:\/\/tvtecjundiai.com.br\/news\/wp-json\/wp\/v2\/posts\/79034\/revisions"}],"predecessor-version":[{"id":79036,"href":"https:\/\/tvtecjundiai.com.br\/news\/wp-json\/wp\/v2\/posts\/79034\/revisions\/79036"}],"wp:featuredmedia":[{"embeddable":true,"href":"https:\/\/tvtecjundiai.com.br\/news\/wp-json\/wp\/v2\/media\/79035"}],"wp:attachment":[{"href":"https:\/\/tvtecjundiai.com.br\/news\/wp-json\/wp\/v2\/media?parent=79034"}],"wp:term":[{"taxonomy":"category","embeddable":true,"href":"https:\/\/tvtecjundiai.com.br\/news\/wp-json\/wp\/v2\/categories?post=79034"},{"taxonomy":"post_tag","embeddable":true,"href":"https:\/\/tvtecjundiai.com.br\/news\/wp-json\/wp\/v2\/tags?post=79034"}],"curies":[{"name":"wp","href":"https:\/\/api.w.org\/{rel}","templated":true}]}}