{"id":79037,"date":"2021-07-12T16:20:59","date_gmt":"2021-07-12T19:20:59","guid":{"rendered":"https:\/\/tvtecjundiai.com.br\/news\/?p=79037"},"modified":"2021-07-12T16:21:02","modified_gmt":"2021-07-12T19:21:02","slug":"rodovia-dos-bandeirantes-recebe-obra-de-recuperacao-nas-proximas-noites","status":"publish","type":"post","link":"https:\/\/tvtecjundiai.com.br\/news\/2021\/07\/12\/rodovia-dos-bandeirantes-recebe-obra-de-recuperacao-nas-proximas-noites\/","title":{"rendered":"Rodovia dos Bandeirantes recebe obra de recupera\u00e7\u00e3o nas pr\u00f3ximas noites"},"content":{"rendered":"\n<p>A concession\u00e1ria que administra o Sistema Anhanguera-Bandeirantes realiza obra de recupera\u00e7\u00e3o de pavimento na al\u00e7a de sa\u00edda do quil\u00f4metro 60 da pista sul \u2013 sentido Capital &#8211; da Rodovia dos Bandeirantes (SP-348), dispositivo que faz a liga\u00e7\u00e3o entre a SP-348 e a Rodovia Dom Gabriel Paulino Bueno Couto (SP-300), em Jundia\u00ed.<\/p>\n\n\n\n<p>Os trabalhos acontecem das 22 horas de hoje, segunda-feira (12\/7), \u00e0s 5 horas de amanh\u00e3, ter\u00e7a-feira (13\/7); e das 22 horas de ter\u00e7a-feira (13\/7) \u00e0s 5 horas de quarta-feira (14\/7).<\/p>\n\n\n\n<p><strong>Alternativa<\/strong><\/p>\n\n\n\n<p>Como alternativa durante o per\u00edodo das obras, os motoristas ficam orientados a utilizar o retorno operacional do km 58 da pista sul \u2013 sentido Capital \u2013 da Rodovia dos Bandeirantes e acessar a Rodovia Dom Gabriel Paulino Bueno a partir da sa\u00edda 59 da pista norte \u2013 sentido interior \u2013 da SP-348.<\/p>\n\n\n\n<figure class=\"wp-block-image size-large\"><img loading=\"lazy\" decoding=\"async\" width=\"1200\" height=\"652\" src=\"https:\/\/tvtecjundiai.com.br\/news\/wp-content\/uploads\/sites\/2\/2021\/07\/unnamed-3-1200x652.jpg\" alt=\"\" class=\"wp-image-79038\" srcset=\"https:\/\/tvtecjundiai.com.br\/news\/wp-content\/uploads\/sites\/2\/2021\/07\/unnamed-3-1200x652.jpg 1200w, https:\/\/tvtecjundiai.com.br\/news\/wp-content\/uploads\/sites\/2\/2021\/07\/unnamed-3-300x163.jpg 300w, https:\/\/tvtecjundiai.com.br\/news\/wp-content\/uploads\/sites\/2\/2021\/07\/unnamed-3-768x417.jpg 768w, https:\/\/tvtecjundiai.com.br\/news\/wp-content\/uploads\/sites\/2\/2021\/07\/unnamed-3.jpg 1280w\" sizes=\"auto, (max-width: 1200px) 100vw, 1200px\" \/><\/figure>\n\n\n\n<p><strong>Sinaliza\u00e7\u00e3o<\/strong><\/p>\n\n\n\n<p>ARTESP (Ag\u00eancia de Transporte do Estado de S\u00e3o Paulo), CCR AutoBAn e o Policiamento Rodovi\u00e1rio concentram todos os esfor\u00e7os para proporcionar o m\u00e1ximo de seguran\u00e7a aos usu\u00e1rios da rodovia. Para orienta\u00e7\u00e3o aos motoristas, ser\u00e1 refor\u00e7ada a sinaliza\u00e7\u00e3o no local.<\/p>\n\n\n\n<p>Mais informa\u00e7\u00f5es podem ser obtidas por meio do Disque CCR AutoBAn: 0800 055 55 50, no site da Concession\u00e1ria \u2013\u00a0<a rel=\"noreferrer noopener\" href=\"http:\/\/www.autoban.com.br\/\" target=\"_blank\">www.autoban.com.br<\/a>\u00a0\u2013 ou no aplicativo CCR Rodovias, dispon\u00edvel para smartphones com sistemas operacionais IOS ou Android.<\/p>\n\n\n\n<p><em>(Texto\/Imagem: Assessoria de Imprensa)<\/em><\/p>\n","protected":false},"excerpt":{"rendered":"<p>Obra acontece na interliga\u00e7\u00e3o entre a pista sul &#8211; sentido Capital &#8211; e a Rodovia Dom Gabriel Paulino Bueno Couto<\/p>\n","protected":false},"author":28,"featured_media":31575,"comment_status":"closed","ping_status":"closed","sticky":false,"template":"","format":"standard","meta":{"footnotes":""},"categories":[8356,1],"tags":[],"class_list":["post-79037","post","type-post","status-publish","format-standard","has-post-thumbnail","hentry","category-jundiai","category-noticias"],"_links":{"self":[{"href":"https:\/\/tvtecjundiai.com.br\/news\/wp-json\/wp\/v2\/posts\/79037","targetHints":{"allow":["GET"]}}],"collection":[{"href":"https:\/\/tvtecjundiai.com.br\/news\/wp-json\/wp\/v2\/posts"}],"about":[{"href":"https:\/\/tvtecjundiai.com.br\/news\/wp-json\/wp\/v2\/types\/post"}],"author":[{"embeddable":true,"href":"https:\/\/tvtecjundiai.com.br\/news\/wp-json\/wp\/v2\/users\/28"}],"replies":[{"embeddable":true,"href":"https:\/\/tvtecjundiai.com.br\/news\/wp-json\/wp\/v2\/comments?post=79037"}],"version-history":[{"count":1,"href":"https:\/\/tvtecjundiai.com.br\/news\/wp-json\/wp\/v2\/posts\/79037\/revisions"}],"predecessor-version":[{"id":79039,"href":"https:\/\/tvtecjundiai.com.br\/news\/wp-json\/wp\/v2\/posts\/79037\/revisions\/79039"}],"wp:featuredmedia":[{"embeddable":true,"href":"https:\/\/tvtecjundiai.com.br\/news\/wp-json\/wp\/v2\/media\/31575"}],"wp:attachment":[{"href":"https:\/\/tvtecjundiai.com.br\/news\/wp-json\/wp\/v2\/media?parent=79037"}],"wp:term":[{"taxonomy":"category","embeddable":true,"href":"https:\/\/tvtecjundiai.com.br\/news\/wp-json\/wp\/v2\/categories?post=79037"},{"taxonomy":"post_tag","embeddable":true,"href":"https:\/\/tvtecjundiai.com.br\/news\/wp-json\/wp\/v2\/tags?post=79037"}],"curies":[{"name":"wp","href":"https:\/\/api.w.org\/{rel}","templated":true}]}}