{"id":79040,"date":"2021-07-12T16:41:38","date_gmt":"2021-07-12T19:41:38","guid":{"rendered":"https:\/\/tvtecjundiai.com.br\/news\/?p=79040"},"modified":"2021-07-12T16:44:31","modified_gmt":"2021-07-12T19:44:31","slug":"jundiai-registra-nove-obitos-por-covid-19-nesta-segunda-feira-12","status":"publish","type":"post","link":"https:\/\/tvtecjundiai.com.br\/news\/2021\/07\/12\/jundiai-registra-nove-obitos-por-covid-19-nesta-segunda-feira-12\/","title":{"rendered":"Jundia\u00ed registra nove \u00f3bitos por COVID-19 nesta segunda-feira (12)"},"content":{"rendered":"\n<p>A Prefeitura de Jundia\u00ed informa que, nesta segunda-feira (12), nove \u00f3bitos foram contabilizados de residentes na cidade causados pelo Novo Coronav\u00edrus.<\/p>\n\n\n\n<p>Homem, 45 anos, portador de doen\u00e7a cardiovascular cr\u00f4nica. Internou 23\/06 e faleceu 11\/07 no S\u00e3o Vicente.<\/p>\n\n\n\n<p>Homem, 73 anos, portador de doen\u00e7a cardiovascular cr\u00f4nica e diabetes. Internou 02\/07 e faleceu 11\/07 em hospital privado da cidade.<\/p>\n\n\n\n<p>Homem, 69 anos, portador de doen\u00e7a cardiovascular cr\u00f4nica. Internou 21\/06 e faleceu 05\/07 no S\u00e3o Vicente.<\/p>\n\n\n\n<p>Mulher, 31 anos, portadora de doen\u00e7a cardiovascular cr\u00f4nica. Internou 23\/06 e faleceu 09\/07 no S\u00e3o Vicente.<\/p>\n\n\n\n<p>Mulher, 52 anos, portadora de doen\u00e7a cardiovascular cr\u00f4nica. Internou 28\/06 e faleceu 08\/07 no S\u00e3o Vicente.<\/p>\n\n\n\n<p>Homem, 50 anos, portador de nefropatia cr\u00f4nica. Internou 17\/06 e faleceu 12\/07 em hospital privado da cidade.<\/p>\n\n\n\n<p>Homem, 29 anos, obeso. Internou 23\/06 e faleceu 12\/07 no S\u00e3o Vicente.<\/p>\n\n\n\n<p>Homem, 78 anos, diab\u00e9tico. Internou 29\/06 e faleceu 02\/07 em hospital privado da cidade.<\/p>\n\n\n\n<p>Homem, 50 anos, portador de doen\u00e7a cardiovascular cr\u00f4nica e asma. Internou 03\/06 (junho) e faleceu 24\/06 em hospital privado da cidade.<\/p>\n\n\n\n<p>At\u00e9 o momento, a cidade registra 1459 \u00f3bitos causados pela COVID-19 desde o in\u00edcio da pandemia.<\/p>\n\n\n\n<figure class=\"wp-block-image size-large\"><img loading=\"lazy\" decoding=\"async\" width=\"960\" height=\"960\" src=\"https:\/\/tvtecjundiai.com.br\/news\/wp-content\/uploads\/sites\/2\/2021\/07\/slide1-8-960x960.png\" alt=\"\" class=\"wp-image-79041\" srcset=\"https:\/\/tvtecjundiai.com.br\/news\/wp-content\/uploads\/sites\/2\/2021\/07\/slide1-8-960x960.png 960w, https:\/\/tvtecjundiai.com.br\/news\/wp-content\/uploads\/sites\/2\/2021\/07\/slide1-8-300x300.png 300w, https:\/\/tvtecjundiai.com.br\/news\/wp-content\/uploads\/sites\/2\/2021\/07\/slide1-8-100x100.png 100w, https:\/\/tvtecjundiai.com.br\/news\/wp-content\/uploads\/sites\/2\/2021\/07\/slide1-8-768x768.png 768w, https:\/\/tvtecjundiai.com.br\/news\/wp-content\/uploads\/sites\/2\/2021\/07\/slide1-8.png 1280w\" sizes=\"auto, (max-width: 960px) 100vw, 960px\" \/><\/figure>\n\n\n\n<figure class=\"wp-block-image size-large\"><img loading=\"lazy\" decoding=\"async\" width=\"960\" height=\"960\" src=\"https:\/\/tvtecjundiai.com.br\/news\/wp-content\/uploads\/sites\/2\/2021\/07\/slide2-7-960x960.png\" alt=\"\" class=\"wp-image-79043\" srcset=\"https:\/\/tvtecjundiai.com.br\/news\/wp-content\/uploads\/sites\/2\/2021\/07\/slide2-7-960x960.png 960w, https:\/\/tvtecjundiai.com.br\/news\/wp-content\/uploads\/sites\/2\/2021\/07\/slide2-7-300x300.png 300w, https:\/\/tvtecjundiai.com.br\/news\/wp-content\/uploads\/sites\/2\/2021\/07\/slide2-7-100x100.png 100w, https:\/\/tvtecjundiai.com.br\/news\/wp-content\/uploads\/sites\/2\/2021\/07\/slide2-7-768x768.png 768w, https:\/\/tvtecjundiai.com.br\/news\/wp-content\/uploads\/sites\/2\/2021\/07\/slide2-7.png 1280w\" sizes=\"auto, (max-width: 960px) 100vw, 960px\" \/><\/figure>\n\n\n\n<p><em>(Texto\/Imagem: Prefeitura de Jundia\u00ed)<\/em><\/p>\n","protected":false},"excerpt":{"rendered":"<p>A cidade tamb\u00e9m est\u00e1 com 422 casos ativos da doen\u00e7a<\/p>\n","protected":false},"author":28,"featured_media":74771,"comment_status":"closed","ping_status":"closed","sticky":false,"template":"","format":"standard","meta":{"footnotes":""},"categories":[8356,1],"tags":[],"class_list":["post-79040","post","type-post","status-publish","format-standard","has-post-thumbnail","hentry","category-jundiai","category-noticias"],"_links":{"self":[{"href":"https:\/\/tvtecjundiai.com.br\/news\/wp-json\/wp\/v2\/posts\/79040","targetHints":{"allow":["GET"]}}],"collection":[{"href":"https:\/\/tvtecjundiai.com.br\/news\/wp-json\/wp\/v2\/posts"}],"about":[{"href":"https:\/\/tvtecjundiai.com.br\/news\/wp-json\/wp\/v2\/types\/post"}],"author":[{"embeddable":true,"href":"https:\/\/tvtecjundiai.com.br\/news\/wp-json\/wp\/v2\/users\/28"}],"replies":[{"embeddable":true,"href":"https:\/\/tvtecjundiai.com.br\/news\/wp-json\/wp\/v2\/comments?post=79040"}],"version-history":[{"count":2,"href":"https:\/\/tvtecjundiai.com.br\/news\/wp-json\/wp\/v2\/posts\/79040\/revisions"}],"predecessor-version":[{"id":79044,"href":"https:\/\/tvtecjundiai.com.br\/news\/wp-json\/wp\/v2\/posts\/79040\/revisions\/79044"}],"wp:featuredmedia":[{"embeddable":true,"href":"https:\/\/tvtecjundiai.com.br\/news\/wp-json\/wp\/v2\/media\/74771"}],"wp:attachment":[{"href":"https:\/\/tvtecjundiai.com.br\/news\/wp-json\/wp\/v2\/media?parent=79040"}],"wp:term":[{"taxonomy":"category","embeddable":true,"href":"https:\/\/tvtecjundiai.com.br\/news\/wp-json\/wp\/v2\/categories?post=79040"},{"taxonomy":"post_tag","embeddable":true,"href":"https:\/\/tvtecjundiai.com.br\/news\/wp-json\/wp\/v2\/tags?post=79040"}],"curies":[{"name":"wp","href":"https:\/\/api.w.org\/{rel}","templated":true}]}}