{"id":79045,"date":"2021-07-12T17:14:40","date_gmt":"2021-07-12T20:14:40","guid":{"rendered":"https:\/\/tvtecjundiai.com.br\/news\/?p=79045"},"modified":"2021-07-12T17:14:40","modified_gmt":"2021-07-12T20:14:40","slug":"astronomo-luis-marino-participa-de-live-pelo-instagram-do-mundo-das-criancas","status":"publish","type":"post","link":"https:\/\/tvtecjundiai.com.br\/news\/2021\/07\/12\/astronomo-luis-marino-participa-de-live-pelo-instagram-do-mundo-das-criancas\/","title":{"rendered":"Astr\u00f4nomo Lu\u00eds Marino participa de live pelo Instagram do Mundo das Crian\u00e7as"},"content":{"rendered":"\n<p>Na pr\u00f3xima sexta, dia 16, \u00e0s 10h30, vai rolar uma live no Instagram do Mundo das Crian\u00e7as. O convidado especial ser\u00e1 o astr\u00f4nomo Lu\u00eds Marino, que falar\u00e1 diretamente de Tatu\u00ed sobre curiosidades do espa\u00e7o sideral.<\/p>\n\n\n\n<p>O cen\u00e1rio escolhido n\u00e3o poderia ser outro: a \u00e1rea do foguete, atra\u00e7\u00e3o considerada s\u00edmbolo do Mundo justamente para representar que n\u00e3o h\u00e1 limites para a imagina\u00e7\u00e3o das crian\u00e7as.<\/p>\n\n\n\n<p>\u201cA ideia \u00e9 promover uma intera\u00e7\u00e3o com as crian\u00e7as que estiverem em casa e tamb\u00e9m aqui pelo Mundo, propondo algumas brincadeiras e perguntas a serem respondidas pelo convidado\u201d, explica o assessor Luiz Trientini, da administra\u00e7\u00e3o do Mundo das Crian\u00e7as.<\/p>\n\n\n\n<p>\u201cEssa live ser\u00e1 feita em car\u00e1ter experimental e, se for aprovada, ser\u00e1 repetida em outros momentos, com temas diferentes e sempre mostrando outras atra\u00e7\u00f5es aqui do Mundo\u201d, acrescentou Trientini.<\/p>\n\n\n\n<div class=\"wp-block-image\"><figure class=\"aligncenter size-large is-resized\"><img loading=\"lazy\" decoding=\"async\" src=\"https:\/\/tvtecjundiai.com.br\/news\/wp-content\/uploads\/sites\/2\/2021\/07\/astronomo-luis-marino-677x960.jpeg\" alt=\"\" class=\"wp-image-79046\" width=\"384\" height=\"544\" srcset=\"https:\/\/tvtecjundiai.com.br\/news\/wp-content\/uploads\/sites\/2\/2021\/07\/astronomo-luis-marino-677x960.jpeg 677w, https:\/\/tvtecjundiai.com.br\/news\/wp-content\/uploads\/sites\/2\/2021\/07\/astronomo-luis-marino-300x425.jpeg 300w, https:\/\/tvtecjundiai.com.br\/news\/wp-content\/uploads\/sites\/2\/2021\/07\/astronomo-luis-marino-768x1089.jpeg 768w, https:\/\/tvtecjundiai.com.br\/news\/wp-content\/uploads\/sites\/2\/2021\/07\/astronomo-luis-marino.jpeg 903w\" sizes=\"auto, (max-width: 384px) 100vw, 384px\" \/><figcaption>O astr\u00f4nomo Lu\u00eds Marino<\/figcaption><\/figure><\/div>\n\n\n\n<p><em>(Texto\/Imagem: Prefeitura de Jundia\u00ed)<\/em><\/p>\n","protected":false},"excerpt":{"rendered":"<p>A live acontece no pr\u00f3ximo dia 16, a partir das 10h30<\/p>\n","protected":false},"author":28,"featured_media":79046,"comment_status":"closed","ping_status":"closed","sticky":false,"template":"","format":"standard","meta":{"footnotes":""},"categories":[8356,1],"tags":[],"class_list":["post-79045","post","type-post","status-publish","format-standard","has-post-thumbnail","hentry","category-jundiai","category-noticias"],"_links":{"self":[{"href":"https:\/\/tvtecjundiai.com.br\/news\/wp-json\/wp\/v2\/posts\/79045","targetHints":{"allow":["GET"]}}],"collection":[{"href":"https:\/\/tvtecjundiai.com.br\/news\/wp-json\/wp\/v2\/posts"}],"about":[{"href":"https:\/\/tvtecjundiai.com.br\/news\/wp-json\/wp\/v2\/types\/post"}],"author":[{"embeddable":true,"href":"https:\/\/tvtecjundiai.com.br\/news\/wp-json\/wp\/v2\/users\/28"}],"replies":[{"embeddable":true,"href":"https:\/\/tvtecjundiai.com.br\/news\/wp-json\/wp\/v2\/comments?post=79045"}],"version-history":[{"count":1,"href":"https:\/\/tvtecjundiai.com.br\/news\/wp-json\/wp\/v2\/posts\/79045\/revisions"}],"predecessor-version":[{"id":79047,"href":"https:\/\/tvtecjundiai.com.br\/news\/wp-json\/wp\/v2\/posts\/79045\/revisions\/79047"}],"wp:featuredmedia":[{"embeddable":true,"href":"https:\/\/tvtecjundiai.com.br\/news\/wp-json\/wp\/v2\/media\/79046"}],"wp:attachment":[{"href":"https:\/\/tvtecjundiai.com.br\/news\/wp-json\/wp\/v2\/media?parent=79045"}],"wp:term":[{"taxonomy":"category","embeddable":true,"href":"https:\/\/tvtecjundiai.com.br\/news\/wp-json\/wp\/v2\/categories?post=79045"},{"taxonomy":"post_tag","embeddable":true,"href":"https:\/\/tvtecjundiai.com.br\/news\/wp-json\/wp\/v2\/tags?post=79045"}],"curies":[{"name":"wp","href":"https:\/\/api.w.org\/{rel}","templated":true}]}}