{"id":79048,"date":"2021-07-12T17:40:36","date_gmt":"2021-07-12T20:40:36","guid":{"rendered":"https:\/\/tvtecjundiai.com.br\/news\/?p=79048"},"modified":"2021-07-12T17:40:36","modified_gmt":"2021-07-12T20:40:36","slug":"cultura-realiza-oficina-virtual-gratuita-sobre-planejamento-de-carreira-e-criatividade","status":"publish","type":"post","link":"https:\/\/tvtecjundiai.com.br\/news\/2021\/07\/12\/cultura-realiza-oficina-virtual-gratuita-sobre-planejamento-de-carreira-e-criatividade\/","title":{"rendered":"Cultura realiza oficina virtual gratuita sobre planejamento de carreira e criatividade"},"content":{"rendered":"\n<p>A Unidade de Gest\u00e3o de Cultura (UGC) realiza no s\u00e1bado (24) e domingo (25) uma oficina virtual gratuita sobre Planejamento de carreira para empreendedores criativos. O curso, ministrado pela palestrante Rose Meusburger, ter\u00e1 carga hor\u00e1ria de seis horas, com encontros em ambos os dias das 15h \u00e0s 18h, e ser\u00e1 realizado pela plataforma Zoom.<\/p>\n\n\n\n<p>A programa\u00e7\u00e3o \u00e9 voltada para agentes culturais locais, como artistas, articuladores, lideran\u00e7as, representantes de coletivos de todas as express\u00f5es art\u00edsticas e demais interessados. Os interessados em uma das 40 vagas dispon\u00edveis devem se inscrever gratuitamente pela internet.<\/p>\n\n\n\n<div class=\"wp-block-image\"><figure class=\"aligncenter size-large\"><img loading=\"lazy\" decoding=\"async\" width=\"744\" height=\"493\" src=\"https:\/\/tvtecjundiai.com.br\/news\/wp-content\/uploads\/sites\/2\/2021\/07\/rose_meusburger.png\" alt=\"\" class=\"wp-image-79049\" srcset=\"https:\/\/tvtecjundiai.com.br\/news\/wp-content\/uploads\/sites\/2\/2021\/07\/rose_meusburger.png 744w, https:\/\/tvtecjundiai.com.br\/news\/wp-content\/uploads\/sites\/2\/2021\/07\/rose_meusburger-300x199.png 300w\" sizes=\"auto, (max-width: 744px) 100vw, 744px\" \/><\/figure><\/div>\n\n\n\n<p>Durante o curso est\u00e3o previstas as seguintes atividades: estudo do mercado cultural; contratos, documentos, editais e leis de incentivo; marketing Pessoal e Empresarial; estudo sobre portf\u00f3lio, curr\u00edculo, release e apresenta\u00e7\u00e3o; constru\u00e7\u00e3o e fortalecimento de imagem atrav\u00e9s das m\u00eddias digitais; espa\u00e7os para d\u00favidas e esclarecimentos.<\/p>\n\n\n\n<p><em>(Texto\/Imagem: Prefeitura de Jundia\u00ed)<\/em><\/p>\n","protected":false},"excerpt":{"rendered":"<p>A oficina ser\u00e1 realizada nos dias 24 e 25 e ser\u00e1 ministrada pela palestrante Rose Meusburger<\/p>\n","protected":false},"author":28,"featured_media":79049,"comment_status":"closed","ping_status":"closed","sticky":false,"template":"","format":"standard","meta":{"footnotes":""},"categories":[8356,1],"tags":[],"class_list":["post-79048","post","type-post","status-publish","format-standard","has-post-thumbnail","hentry","category-jundiai","category-noticias"],"_links":{"self":[{"href":"https:\/\/tvtecjundiai.com.br\/news\/wp-json\/wp\/v2\/posts\/79048","targetHints":{"allow":["GET"]}}],"collection":[{"href":"https:\/\/tvtecjundiai.com.br\/news\/wp-json\/wp\/v2\/posts"}],"about":[{"href":"https:\/\/tvtecjundiai.com.br\/news\/wp-json\/wp\/v2\/types\/post"}],"author":[{"embeddable":true,"href":"https:\/\/tvtecjundiai.com.br\/news\/wp-json\/wp\/v2\/users\/28"}],"replies":[{"embeddable":true,"href":"https:\/\/tvtecjundiai.com.br\/news\/wp-json\/wp\/v2\/comments?post=79048"}],"version-history":[{"count":1,"href":"https:\/\/tvtecjundiai.com.br\/news\/wp-json\/wp\/v2\/posts\/79048\/revisions"}],"predecessor-version":[{"id":79050,"href":"https:\/\/tvtecjundiai.com.br\/news\/wp-json\/wp\/v2\/posts\/79048\/revisions\/79050"}],"wp:featuredmedia":[{"embeddable":true,"href":"https:\/\/tvtecjundiai.com.br\/news\/wp-json\/wp\/v2\/media\/79049"}],"wp:attachment":[{"href":"https:\/\/tvtecjundiai.com.br\/news\/wp-json\/wp\/v2\/media?parent=79048"}],"wp:term":[{"taxonomy":"category","embeddable":true,"href":"https:\/\/tvtecjundiai.com.br\/news\/wp-json\/wp\/v2\/categories?post=79048"},{"taxonomy":"post_tag","embeddable":true,"href":"https:\/\/tvtecjundiai.com.br\/news\/wp-json\/wp\/v2\/tags?post=79048"}],"curies":[{"name":"wp","href":"https:\/\/api.w.org\/{rel}","templated":true}]}}