{"id":79051,"date":"2021-07-12T17:44:50","date_gmt":"2021-07-12T20:44:50","guid":{"rendered":"https:\/\/tvtecjundiai.com.br\/news\/?p=79051"},"modified":"2021-07-13T09:19:40","modified_gmt":"2021-07-13T12:19:40","slug":"cidade-inteligente-e-conectada-jundiai-se-antecipa-a-operacao-5g-com-setor-de-telecom","status":"publish","type":"post","link":"https:\/\/tvtecjundiai.com.br\/news\/2021\/07\/12\/cidade-inteligente-e-conectada-jundiai-se-antecipa-a-operacao-5g-com-setor-de-telecom\/","title":{"rendered":"Cidade inteligente e conectada: Jundia\u00ed se antecipa \u00e0 opera\u00e7\u00e3o 5G com setor de \u2018telecom\u2019"},"content":{"rendered":"\n<p>Na manh\u00e3 desta segunda-feira (12), o Prefeito Luiz Fernando Machado e gestores do Munic\u00edpio de Jundia\u00ed se reuniram com representantes das operadores de telefonia, da Associa\u00e7\u00e3o Brasileira de Infraestrutura para Telecomunica\u00e7\u00f5es (Abrintel) e do Sindicato Nacional das Empresas de Telefonia e de Servi\u00e7o M\u00f3vel Celular e Pessoal (Conexis Brasil Digital). O tema do encontro foi o marco regulat\u00f3rio para implanta\u00e7\u00e3o do sistema 5G de cobertura, que facilita a operacionaliza\u00e7\u00e3o de novos modelos de servi\u00e7os p\u00fablicos, bem como \u00e9 essencial para o desenvolvimento de ecossistemas de inova\u00e7\u00e3o de Cidade Inteligente.<\/p>\n\n\n\n<p>Jundia\u00ed j\u00e1 conta com 80% de cobertura de telefonia m\u00f3vel no territ\u00f3rio urbano e h\u00e1 necessidade de expans\u00e3o nas regi\u00f5es rurais e perif\u00e9ricas do munic\u00edpio. \u201cTemos o interesse de, com a moderniza\u00e7\u00e3o dos sistemas das operadoras, universalizar o acesso, levando esse benef\u00edcio \u00e0s regi\u00f5es que hoje, n\u00e3o est\u00e3o nas \u00e1reas urbanas, como a Zona Rural e aquelas mais nas extremidades da cidade. Jundia\u00ed quer se antecipar na aplica\u00e7\u00e3o da tecnologia 5G e manter o t\u00edtulo de uma das cidades mais interessantes para investidores internacionais, como \u00e9 comprovado pela 6\u00aa edi\u00e7\u00e3o do ranking \u2018Cidades do Futuro\u2019 realizado pela FDI Intelligence, entidade ligada \u00e0 divis\u00e3o de intelig\u00eancia em investimentos estrangeiros do Financial Times\u201d, comentou o prefeito Luiz Fernando Machado.<\/p>\n\n\n\n<figure class=\"wp-block-image size-large\"><img loading=\"lazy\" decoding=\"async\" width=\"1200\" height=\"800\" src=\"https:\/\/tvtecjundiai.com.br\/news\/wp-content\/uploads\/sites\/2\/2021\/07\/reuniao_daniel_anemberg_gabinete-30-1200x800.jpg\" alt=\"\" class=\"wp-image-79052\" srcset=\"https:\/\/tvtecjundiai.com.br\/news\/wp-content\/uploads\/sites\/2\/2021\/07\/reuniao_daniel_anemberg_gabinete-30-1200x800.jpg 1200w, https:\/\/tvtecjundiai.com.br\/news\/wp-content\/uploads\/sites\/2\/2021\/07\/reuniao_daniel_anemberg_gabinete-30-300x200.jpg 300w, https:\/\/tvtecjundiai.com.br\/news\/wp-content\/uploads\/sites\/2\/2021\/07\/reuniao_daniel_anemberg_gabinete-30-768x512.jpg 768w, https:\/\/tvtecjundiai.com.br\/news\/wp-content\/uploads\/sites\/2\/2021\/07\/reuniao_daniel_anemberg_gabinete-30.jpg 1280w\" sizes=\"auto, (max-width: 1200px) 100vw, 1200px\" \/><figcaption>Prefeito Luiz Fernando Machado ressalta a import\u00e2ncia da operacionaliza\u00e7\u00e3o do 5G em Jundia\u00ed com foco em Cidade Inteligente<\/figcaption><\/figure>\n\n\n\n<p>O gestor da Unidade de Gest\u00e3o de Governo e Finan\u00e7as (UGGF) Jos\u00e9 Antonio Parimoschi, citou o projeto de lei do Ecossistema de Inova\u00e7\u00e3o, que est\u00e1 sendo ultimado pelo governo e que ser\u00e1 enviado \u00e0 C\u00e2mara em agosto pr\u00f3ximo, onde a conectividade faz parte dessa estrat\u00e9gia. Para o gestor da Unidade de Gest\u00e3o de Planejamento Urbano e Meio Ambiente (UGPUMA), Sin\u00e9sio Scarabello, a atualiza\u00e7\u00e3o da legisla\u00e7\u00e3o favorece investimentos, deve contemplar a preserva\u00e7\u00e3o da qualidade do ambiente e prezar pela paisagem da cidade.<\/p>\n\n\n\n<p>\u201cJundia\u00ed conta com quase 500 quil\u00f4metros de fibra \u00f3ptica interligando os pr\u00e9dios p\u00fablicos. Essa infraestrutura somada ao 5G vai aumentar a competitividade do munic\u00edpio. Esses passos s\u00e3o essenciais para a cidade avan\u00e7ar na qualidade e oferta de servi\u00e7os de uma \u2018smart city\u2019, quanto no ambiente prop\u00edcio para o desenvolvimento da Ind\u00fastria 4.0\u201d, detalhou o diretor presidente da Companhia de Inform\u00e1tica de Jundia\u00ed (Cijun), Amauri Marquezi.<\/p>\n\n\n\n<p>Tamb\u00e9m participaram da reuni\u00e3o o gestor da Casa Civil (UGCC), Gustavo Leopoldo Caserta Maryssael de Campos, consultor Funda\u00e7\u00e3o Vanzolini, Daniel Anemberg, representante da Vivo, Ant\u00f4nio Marcos dos Santos, representante da TIM, Marilia Bianchini Conde, representante da Abritel, Felipe Herzog e o presidente da Abrintel, Luciano Stutz.<\/p>\n\n\n\n<p><em>(Texto\/Imagem: Prefeitura de Jundia\u00ed)<\/em><\/p>\n","protected":false},"excerpt":{"rendered":"<p>Jundia\u00ed j\u00e1 conta com 80% de cobertura de telefonia m\u00f3vel no territ\u00f3rio urbano<\/p>\n","protected":false},"author":28,"featured_media":79052,"comment_status":"closed","ping_status":"closed","sticky":false,"template":"","format":"standard","meta":{"footnotes":""},"categories":[8356,1],"tags":[],"class_list":["post-79051","post","type-post","status-publish","format-standard","has-post-thumbnail","hentry","category-jundiai","category-noticias"],"_links":{"self":[{"href":"https:\/\/tvtecjundiai.com.br\/news\/wp-json\/wp\/v2\/posts\/79051","targetHints":{"allow":["GET"]}}],"collection":[{"href":"https:\/\/tvtecjundiai.com.br\/news\/wp-json\/wp\/v2\/posts"}],"about":[{"href":"https:\/\/tvtecjundiai.com.br\/news\/wp-json\/wp\/v2\/types\/post"}],"author":[{"embeddable":true,"href":"https:\/\/tvtecjundiai.com.br\/news\/wp-json\/wp\/v2\/users\/28"}],"replies":[{"embeddable":true,"href":"https:\/\/tvtecjundiai.com.br\/news\/wp-json\/wp\/v2\/comments?post=79051"}],"version-history":[{"count":2,"href":"https:\/\/tvtecjundiai.com.br\/news\/wp-json\/wp\/v2\/posts\/79051\/revisions"}],"predecessor-version":[{"id":79059,"href":"https:\/\/tvtecjundiai.com.br\/news\/wp-json\/wp\/v2\/posts\/79051\/revisions\/79059"}],"wp:featuredmedia":[{"embeddable":true,"href":"https:\/\/tvtecjundiai.com.br\/news\/wp-json\/wp\/v2\/media\/79052"}],"wp:attachment":[{"href":"https:\/\/tvtecjundiai.com.br\/news\/wp-json\/wp\/v2\/media?parent=79051"}],"wp:term":[{"taxonomy":"category","embeddable":true,"href":"https:\/\/tvtecjundiai.com.br\/news\/wp-json\/wp\/v2\/categories?post=79051"},{"taxonomy":"post_tag","embeddable":true,"href":"https:\/\/tvtecjundiai.com.br\/news\/wp-json\/wp\/v2\/tags?post=79051"}],"curies":[{"name":"wp","href":"https:\/\/api.w.org\/{rel}","templated":true}]}}