{"id":79206,"date":"2021-07-14T18:17:34","date_gmt":"2021-07-14T21:17:34","guid":{"rendered":"https:\/\/tvtecjundiai.com.br\/news\/?p=79206"},"modified":"2021-07-14T18:17:39","modified_gmt":"2021-07-14T21:17:39","slug":"jovens-talentos-de-jundiai-visitam-a-unidade-de-educacao","status":"publish","type":"post","link":"https:\/\/tvtecjundiai.com.br\/news\/2021\/07\/14\/jovens-talentos-de-jundiai-visitam-a-unidade-de-educacao\/","title":{"rendered":"Jovens talentos de Jundia\u00ed visitam a Unidade de Educa\u00e7\u00e3o"},"content":{"rendered":"\n<p>Dois dos jovens talentos de destaque de Jundia\u00ed, o autor Luan de Oliveira, 12 anos, e a vencedora do concurso internacional \u201cLeader in Me International Student\u201d, Lara Viola Cezar, 14 anos, estiveram na Unidade de Gest\u00e3o de Educa\u00e7\u00e3o na manh\u00e3 desta quarta-feira (14) e foram recebidos pela gestora, Vast\u00ed Ferrari Marques, e pela diretora do Departamento de Fomento \u00e0 Leitura, C\u00edcera Escoura Bueno.<\/p>\n\n\n\n<p>Luan fez a doa\u00e7\u00e3o de tr\u00eas exemplares do seu segundo livro \u201cMeu Mundo Gamer 2\u201d, para o acervo da Biblioteca Municipal Professor Nelson Foot (BNF).&nbsp; \u201cMeu primeiro livro teve a verba revertida para o Hospital S\u00e3o Vicente e o segundo ter\u00e1 50% da verba destinada para o Grendacc e parte para a campanha da Fernandinha, que \u00e9 minha amiga de sala de aula e que luta para vencer o c\u00e2ncer\u201d, conta o jovem autor.<\/p>\n\n\n\n<p>A contadora de hist\u00f3rias e vencedora do concurso internacional, Lara, tamb\u00e9m esteve presente. Ela se destacou ao vencer um concurso internacional de intelig\u00eancia socioemocional e lideran\u00e7a para estudantes do mundo todo na categoria \u201cLeader in Me International Student Speech Contest 2021\u201d, com seu projeto social de conta\u00e7\u00e3o de hist\u00f3rias em escolas p\u00fablicas, atividade realizada durante 2019, antes da pandemia. \u201cA literatura \u00e9 muito importante na minha vida, fui incentivada a ler desde pequena\u201d, contou.<\/p>\n\n\n\n<figure class=\"wp-block-image size-large\"><img loading=\"lazy\" decoding=\"async\" width=\"1200\" height=\"800\" src=\"https:\/\/tvtecjundiai.com.br\/news\/wp-content\/uploads\/sites\/2\/2021\/07\/luan-de-oliveira-e-lara-viola_b_-98-1200x800.jpg\" alt=\"\" class=\"wp-image-79207\" srcset=\"https:\/\/tvtecjundiai.com.br\/news\/wp-content\/uploads\/sites\/2\/2021\/07\/luan-de-oliveira-e-lara-viola_b_-98-1200x800.jpg 1200w, https:\/\/tvtecjundiai.com.br\/news\/wp-content\/uploads\/sites\/2\/2021\/07\/luan-de-oliveira-e-lara-viola_b_-98-300x200.jpg 300w, https:\/\/tvtecjundiai.com.br\/news\/wp-content\/uploads\/sites\/2\/2021\/07\/luan-de-oliveira-e-lara-viola_b_-98-768x512.jpg 768w, https:\/\/tvtecjundiai.com.br\/news\/wp-content\/uploads\/sites\/2\/2021\/07\/luan-de-oliveira-e-lara-viola_b_-98.jpg 1280w\" sizes=\"auto, (max-width: 1200px) 100vw, 1200px\" \/><figcaption>Luan (\u00e0 esquerda) e Lara (\u00e0 direita) estiveram na UGE com a gestora Vast\u00ed (ao centro)<\/figcaption><\/figure>\n\n\n\n<p>Lara e Luan participar\u00e3o, no fim do m\u00eas de julho, de uma live promovida pela BNF que vai tratar sobre jovens inspiradores, al\u00e9m de abordar a import\u00e2ncia da literatura na vida deles.<\/p>\n\n\n\n<p>A gestora de Educa\u00e7\u00e3o agradeceu a visita e a constante participa\u00e7\u00e3o da dupla nas a\u00e7\u00f5es da UGE. \u201cS\u00e3o os jovens sens\u00edveis, inteligentes e dedicados como voc\u00eas que v\u00e3o mudar o mundo. Estamos felizes em contar com a participa\u00e7\u00e3o de voc\u00eas para que inspirem mais crian\u00e7as e adolescentes. Agrade\u00e7o ao Luan pelos livros para a Biblioteca e a Lara pelas lindas hist\u00f3rias contadas em nossas escolas\u201d, afirmou.&nbsp;<\/p>\n\n\n\n<p>A diretora do Departamento de Fomento, C\u00edcera Escoura Bueno, aproveitou o encontro para convidar os dois jovens para participarem da 16\u00aa Olimp\u00edada de Reda\u00e7\u00e3o que est\u00e1 com inscri\u00e7\u00f5es abertas. \u201cLuan e Lara mostraram como a literatura \u00e9 importante no desenvolvimento das pessoas. Convidamos para que eles tamb\u00e9m participem da nossa Olimp\u00edada e divulguem para seus amigos\u201d, disse.<\/p>\n\n\n\n<figure class=\"wp-block-image size-large\"><img loading=\"lazy\" decoding=\"async\" width=\"1200\" height=\"800\" src=\"https:\/\/tvtecjundiai.com.br\/news\/wp-content\/uploads\/sites\/2\/2021\/07\/luan-de-oliveira-e-lara-viola_b_-21-1200x800.jpg\" alt=\"\" class=\"wp-image-79208\" srcset=\"https:\/\/tvtecjundiai.com.br\/news\/wp-content\/uploads\/sites\/2\/2021\/07\/luan-de-oliveira-e-lara-viola_b_-21-1200x800.jpg 1200w, https:\/\/tvtecjundiai.com.br\/news\/wp-content\/uploads\/sites\/2\/2021\/07\/luan-de-oliveira-e-lara-viola_b_-21-300x200.jpg 300w, https:\/\/tvtecjundiai.com.br\/news\/wp-content\/uploads\/sites\/2\/2021\/07\/luan-de-oliveira-e-lara-viola_b_-21-768x512.jpg 768w, https:\/\/tvtecjundiai.com.br\/news\/wp-content\/uploads\/sites\/2\/2021\/07\/luan-de-oliveira-e-lara-viola_b_-21.jpg 1280w\" sizes=\"auto, (max-width: 1200px) 100vw, 1200px\" \/><figcaption>C\u00edcera (ao meio) convidou os jovens para que participem da Olimp\u00edadas de Reda\u00e7\u00e3o<\/figcaption><\/figure>\n\n\n\n<p><em>(Texto\/Imagem: Prefeitura de Jundia\u00ed)<\/em><\/p>\n","protected":false},"excerpt":{"rendered":"<p>Luan de Oliveira, de 12 anos e Lara Cezar, de 14 anos, foram recebidos pela gestora Vasti Marques<\/p>\n","protected":false},"author":28,"featured_media":79208,"comment_status":"closed","ping_status":"closed","sticky":false,"template":"","format":"standard","meta":{"footnotes":""},"categories":[8356,1],"tags":[],"class_list":["post-79206","post","type-post","status-publish","format-standard","has-post-thumbnail","hentry","category-jundiai","category-noticias"],"_links":{"self":[{"href":"https:\/\/tvtecjundiai.com.br\/news\/wp-json\/wp\/v2\/posts\/79206","targetHints":{"allow":["GET"]}}],"collection":[{"href":"https:\/\/tvtecjundiai.com.br\/news\/wp-json\/wp\/v2\/posts"}],"about":[{"href":"https:\/\/tvtecjundiai.com.br\/news\/wp-json\/wp\/v2\/types\/post"}],"author":[{"embeddable":true,"href":"https:\/\/tvtecjundiai.com.br\/news\/wp-json\/wp\/v2\/users\/28"}],"replies":[{"embeddable":true,"href":"https:\/\/tvtecjundiai.com.br\/news\/wp-json\/wp\/v2\/comments?post=79206"}],"version-history":[{"count":1,"href":"https:\/\/tvtecjundiai.com.br\/news\/wp-json\/wp\/v2\/posts\/79206\/revisions"}],"predecessor-version":[{"id":79209,"href":"https:\/\/tvtecjundiai.com.br\/news\/wp-json\/wp\/v2\/posts\/79206\/revisions\/79209"}],"wp:featuredmedia":[{"embeddable":true,"href":"https:\/\/tvtecjundiai.com.br\/news\/wp-json\/wp\/v2\/media\/79208"}],"wp:attachment":[{"href":"https:\/\/tvtecjundiai.com.br\/news\/wp-json\/wp\/v2\/media?parent=79206"}],"wp:term":[{"taxonomy":"category","embeddable":true,"href":"https:\/\/tvtecjundiai.com.br\/news\/wp-json\/wp\/v2\/categories?post=79206"},{"taxonomy":"post_tag","embeddable":true,"href":"https:\/\/tvtecjundiai.com.br\/news\/wp-json\/wp\/v2\/tags?post=79206"}],"curies":[{"name":"wp","href":"https:\/\/api.w.org\/{rel}","templated":true}]}}