{"id":79223,"date":"2021-07-15T10:16:52","date_gmt":"2021-07-15T13:16:52","guid":{"rendered":"https:\/\/tvtecjundiai.com.br\/news\/?p=79223"},"modified":"2021-07-15T10:16:53","modified_gmt":"2021-07-15T13:16:53","slug":"greve-dos-ferroviarios-afeta-linha-da-cptm-na-regiao-de-jundiai","status":"publish","type":"post","link":"https:\/\/tvtecjundiai.com.br\/news\/2021\/07\/15\/greve-dos-ferroviarios-afeta-linha-da-cptm-na-regiao-de-jundiai\/","title":{"rendered":"Greve dos ferrovi\u00e1rios afeta linha da CPTM na regi\u00e3o de Jundia\u00ed"},"content":{"rendered":"\n<p>A Linha 7 &#8211; Rubi da Companhia Paulista de Trens Metropolitanos (CPTM) foi afetada pela greve dos ferrovi\u00e1rios na manh\u00e3 desta quinta-feira (15), na regi\u00e3o de Jundia\u00ed. Passageiros encontram dificuldades no servi\u00e7o, que opera parcialmente.<\/p>\n\n\n\n<p>N\u00e3o h\u00e1 informa\u00e7\u00f5es sobre o n\u00famero de ferrovi\u00e1rios que aderiram \u00e0 paralisa\u00e7\u00e3o. No entanto, a companhia informou que a circula\u00e7\u00e3o dos trens opera de forma parcial desde as 4h. Na linha 7 &#8211; Rubi, os trens circulam entre a esta\u00e7\u00e3o Palmeiras &#8211; Barra Funda e a esta\u00e7\u00e3o Caieiras.<\/p>\n\n\n\n<div class=\"wp-block-image\"><figure class=\"aligncenter size-large\"><img loading=\"lazy\" decoding=\"async\" width=\"984\" height=\"736\" src=\"https:\/\/tvtecjundiai.com.br\/news\/wp-content\/uploads\/sites\/2\/2021\/07\/5c528f8f-f11b-4794-a305-b42299fded04.jpg\" alt=\"\" class=\"wp-image-79224\" srcset=\"https:\/\/tvtecjundiai.com.br\/news\/wp-content\/uploads\/sites\/2\/2021\/07\/5c528f8f-f11b-4794-a305-b42299fded04.jpg 984w, https:\/\/tvtecjundiai.com.br\/news\/wp-content\/uploads\/sites\/2\/2021\/07\/5c528f8f-f11b-4794-a305-b42299fded04-300x224.jpg 300w, https:\/\/tvtecjundiai.com.br\/news\/wp-content\/uploads\/sites\/2\/2021\/07\/5c528f8f-f11b-4794-a305-b42299fded04-768x574.jpg 768w\" sizes=\"auto, (max-width: 984px) 100vw, 984px\" \/><figcaption>Greve dos ferrovi\u00e1rios afeta linha da CPTM na regi\u00e3o de Jundia\u00ed<\/figcaption><\/figure><\/div>\n\n\n\n<p>Conforme apurado pela TV TEM, os funcion\u00e1rios pedem reajuste salarial, mas, de acordo com o sindicato da categoria, ainda n\u00e3o houve uma negocia\u00e7\u00e3o a respeito disso. Portanto, n\u00e3o h\u00e1 previs\u00e3o para a retomada do servi\u00e7o.<\/p>\n\n\n\n<p>As esta\u00e7\u00f5es de V\u00e1rzea Paulista e Campo Limpo Paulista tamb\u00e9m est\u00e3o com port\u00f5es fechados. At\u00e9 o momento, n\u00e3o houve aglomera\u00e7\u00e3o de passageiros nestes locais. Nenhum m\u00e9todo de transporte alternativo foi divulgado.<\/p>\n\n\n\n<p>A CPTM afirmou que n\u00e3o vai haver acionamento do sistema Paese de \u00f4nibus, porque as linhas atingidas fazem trajetos muito grandes.<\/p>\n\n\n\n<p><em>(Fonte\/Imagem: G1 Jundia\u00ed)<\/em><\/p>\n","protected":false},"excerpt":{"rendered":"<p>Passageiros encontram dificuldades no servi\u00e7o, que opera parcialmente na manh\u00e3 desta quinta-feira (15).<\/p>\n","protected":false},"author":25,"featured_media":79224,"comment_status":"closed","ping_status":"closed","sticky":false,"template":"","format":"standard","meta":{"footnotes":""},"categories":[5697,1],"tags":[],"class_list":["post-79223","post","type-post","status-publish","format-standard","has-post-thumbnail","hentry","category-mobilidade-noticias","category-noticias"],"_links":{"self":[{"href":"https:\/\/tvtecjundiai.com.br\/news\/wp-json\/wp\/v2\/posts\/79223","targetHints":{"allow":["GET"]}}],"collection":[{"href":"https:\/\/tvtecjundiai.com.br\/news\/wp-json\/wp\/v2\/posts"}],"about":[{"href":"https:\/\/tvtecjundiai.com.br\/news\/wp-json\/wp\/v2\/types\/post"}],"author":[{"embeddable":true,"href":"https:\/\/tvtecjundiai.com.br\/news\/wp-json\/wp\/v2\/users\/25"}],"replies":[{"embeddable":true,"href":"https:\/\/tvtecjundiai.com.br\/news\/wp-json\/wp\/v2\/comments?post=79223"}],"version-history":[{"count":1,"href":"https:\/\/tvtecjundiai.com.br\/news\/wp-json\/wp\/v2\/posts\/79223\/revisions"}],"predecessor-version":[{"id":79225,"href":"https:\/\/tvtecjundiai.com.br\/news\/wp-json\/wp\/v2\/posts\/79223\/revisions\/79225"}],"wp:featuredmedia":[{"embeddable":true,"href":"https:\/\/tvtecjundiai.com.br\/news\/wp-json\/wp\/v2\/media\/79224"}],"wp:attachment":[{"href":"https:\/\/tvtecjundiai.com.br\/news\/wp-json\/wp\/v2\/media?parent=79223"}],"wp:term":[{"taxonomy":"category","embeddable":true,"href":"https:\/\/tvtecjundiai.com.br\/news\/wp-json\/wp\/v2\/categories?post=79223"},{"taxonomy":"post_tag","embeddable":true,"href":"https:\/\/tvtecjundiai.com.br\/news\/wp-json\/wp\/v2\/tags?post=79223"}],"curies":[{"name":"wp","href":"https:\/\/api.w.org\/{rel}","templated":true}]}}