{"id":79236,"date":"2021-07-15T14:33:56","date_gmt":"2021-07-15T17:33:56","guid":{"rendered":"https:\/\/tvtecjundiai.com.br\/news\/?p=79236"},"modified":"2021-07-15T14:44:43","modified_gmt":"2021-07-15T17:44:43","slug":"festival-vegano-do-bem-comeca-nesta-quinta-feira-em-jundiai-2","status":"publish","type":"post","link":"https:\/\/tvtecjundiai.com.br\/news\/2021\/07\/15\/festival-vegano-do-bem-comeca-nesta-quinta-feira-em-jundiai-2\/","title":{"rendered":"&#8216;Festival Vegano do Bem&#8217; come\u00e7a nesta quinta-feira (15) em Jundia\u00ed"},"content":{"rendered":"\n<p>A 17\u00aa edi\u00e7\u00e3o do Festival Vegano do Bem, em Jundia\u00ed, come\u00e7a nesta quinta-feira (15) e segue at\u00e9 domingo (18), de forma online.<\/p>\n\n\n\n<p>Os expositores far\u00e3o uma a\u00e7\u00e3o de vendas pelo WhatsApp e Telegram. A maioria dos expositores envia os produtos para todo o Brasil, com valor de frete reduzido.<\/p>\n\n\n\n<figure class=\"wp-block-image size-large\"><img loading=\"lazy\" decoding=\"async\" width=\"960\" height=\"960\" src=\"https:\/\/tvtecjundiai.com.br\/news\/wp-content\/uploads\/sites\/2\/2021\/07\/quibe-960x960.jpg\" alt=\"\" class=\"wp-image-79238\" srcset=\"https:\/\/tvtecjundiai.com.br\/news\/wp-content\/uploads\/sites\/2\/2021\/07\/quibe-960x960.jpg 960w, https:\/\/tvtecjundiai.com.br\/news\/wp-content\/uploads\/sites\/2\/2021\/07\/quibe-300x300.jpg 300w, https:\/\/tvtecjundiai.com.br\/news\/wp-content\/uploads\/sites\/2\/2021\/07\/quibe-100x100.jpg 100w, https:\/\/tvtecjundiai.com.br\/news\/wp-content\/uploads\/sites\/2\/2021\/07\/quibe-768x768.jpg 768w, https:\/\/tvtecjundiai.com.br\/news\/wp-content\/uploads\/sites\/2\/2021\/07\/quibe.jpg 1334w\" sizes=\"auto, (max-width: 960px) 100vw, 960px\" \/><figcaption>Quibe vegano est\u00e1 entre as op\u00e7\u00f5es<\/figcaption><\/figure>\n\n\n\n<p>10% do valor arrecadado com todas as vendas ser\u00e3o revertidos ao projeto &#8220;M\u00e3es que acolhem&#8221;.<\/p>\n\n\n\n<p>O link para entrar no grupo do WhatsApp e tamb\u00e9m informa\u00e7\u00f5es sobre todos os expositores que participam do festival est\u00e3o dispon\u00edvel no Instagram do Festival Vegano do Bem.<\/p>\n\n\n\n<p><em>(Texto: G1\/Imagem: Divulga\u00e7\u00e3o)<\/em><\/p>\n","protected":false},"excerpt":{"rendered":"<p>Expositores far\u00e3o uma a\u00e7\u00e3o de vendas pelo WhatsApp e Telegram<\/p>\n","protected":false},"author":28,"featured_media":79244,"comment_status":"closed","ping_status":"closed","sticky":false,"template":"","format":"standard","meta":{"footnotes":""},"categories":[1],"tags":[],"class_list":["post-79236","post","type-post","status-publish","format-standard","has-post-thumbnail","hentry","category-noticias"],"_links":{"self":[{"href":"https:\/\/tvtecjundiai.com.br\/news\/wp-json\/wp\/v2\/posts\/79236","targetHints":{"allow":["GET"]}}],"collection":[{"href":"https:\/\/tvtecjundiai.com.br\/news\/wp-json\/wp\/v2\/posts"}],"about":[{"href":"https:\/\/tvtecjundiai.com.br\/news\/wp-json\/wp\/v2\/types\/post"}],"author":[{"embeddable":true,"href":"https:\/\/tvtecjundiai.com.br\/news\/wp-json\/wp\/v2\/users\/28"}],"replies":[{"embeddable":true,"href":"https:\/\/tvtecjundiai.com.br\/news\/wp-json\/wp\/v2\/comments?post=79236"}],"version-history":[{"count":3,"href":"https:\/\/tvtecjundiai.com.br\/news\/wp-json\/wp\/v2\/posts\/79236\/revisions"}],"predecessor-version":[{"id":79240,"href":"https:\/\/tvtecjundiai.com.br\/news\/wp-json\/wp\/v2\/posts\/79236\/revisions\/79240"}],"wp:featuredmedia":[{"embeddable":true,"href":"https:\/\/tvtecjundiai.com.br\/news\/wp-json\/wp\/v2\/media\/79244"}],"wp:attachment":[{"href":"https:\/\/tvtecjundiai.com.br\/news\/wp-json\/wp\/v2\/media?parent=79236"}],"wp:term":[{"taxonomy":"category","embeddable":true,"href":"https:\/\/tvtecjundiai.com.br\/news\/wp-json\/wp\/v2\/categories?post=79236"},{"taxonomy":"post_tag","embeddable":true,"href":"https:\/\/tvtecjundiai.com.br\/news\/wp-json\/wp\/v2\/tags?post=79236"}],"curies":[{"name":"wp","href":"https:\/\/api.w.org\/{rel}","templated":true}]}}