{"id":79243,"date":"2021-07-15T15:43:04","date_gmt":"2021-07-15T18:43:04","guid":{"rendered":"https:\/\/tvtecjundiai.com.br\/news\/?p=79243"},"modified":"2021-07-15T15:43:07","modified_gmt":"2021-07-15T18:43:07","slug":"prefeitura-de-jundiai-oferece-curso-de-oratoria-aos-conselheiros-municipais","status":"publish","type":"post","link":"https:\/\/tvtecjundiai.com.br\/news\/2021\/07\/15\/prefeitura-de-jundiai-oferece-curso-de-oratoria-aos-conselheiros-municipais\/","title":{"rendered":"Prefeitura de Jundia\u00ed oferece curso de orat\u00f3ria aos conselheiros municipais"},"content":{"rendered":"\n<p>Conselheiros do munic\u00edpio de Jundia\u00ed participam do curso \u201cOrat\u00f3ria \u2013 comunica\u00e7\u00e3o assertiva e n\u00e3o violenta\u201d, fornecido pela Prefeitura de Jundia\u00ed em parceria com a TVTEC. O curso, que teve in\u00edcio nesta quarta-feira (14) e segue at\u00e9 sexta-feira (16), est\u00e1 sendo ministrado pela professora Karina Pachiega de maneira online.<\/p>\n\n\n\n<p>De acordo com a professora, a import\u00e2ncia em aprender t\u00e9cnicas de orat\u00f3ria \u00e9 especialmente importante para cargos tais como os de conselheiros. \u201cEu imagino que eles sempre lidam com temas de conflitos, ou seja, quando eles v\u00e3o mediar uma reuni\u00e3o, vai ter um grupo de pessoas que pensam de um jeito e um grupo de pessoas que pensam de outro. E os conselheiros tem que mediar tudo isso\u201d, explica.<\/p>\n\n\n\n<p>Para a conselheira Roberta Guitarrari Azzone Colucci, do Conselho Municipal da Mulher, o curso foi muito edificante. &#8220;A orat\u00f3ria \u00e9 muito mais que a fala, \u00e9 saber se expressar a ponto da outra pessoa, a quem a mensagem se destina, entender, e isso envolve express\u00e3o corporal, emo\u00e7\u00e3o, entona\u00e7\u00e3o, respira\u00e7\u00e3o, controle, enfim, coisas que muitas vezes deixamos de aplicar e por isso n\u00e3o somos entendidos como gostar\u00edamos&#8221;, diz. <\/p>\n\n\n\n<p>O curso \u00e9 dividido em cinco m\u00f3dulos, onde os participantes aprendem sobre t\u00f3picos como postura, express\u00e3o facial e corporal, comunica\u00e7\u00e3o verbal e n\u00e3o verbal, entre outros.<\/p>\n\n\n\n<figure class=\"wp-block-image size-large\"><img loading=\"lazy\" decoding=\"async\" width=\"800\" height=\"450\" src=\"https:\/\/tvtecjundiai.com.br\/news\/wp-content\/uploads\/sites\/2\/2021\/07\/photo1626288889-1.jpeg\" alt=\"\" class=\"wp-image-79245\" srcset=\"https:\/\/tvtecjundiai.com.br\/news\/wp-content\/uploads\/sites\/2\/2021\/07\/photo1626288889-1.jpeg 800w, https:\/\/tvtecjundiai.com.br\/news\/wp-content\/uploads\/sites\/2\/2021\/07\/photo1626288889-1-300x169.jpeg 300w, https:\/\/tvtecjundiai.com.br\/news\/wp-content\/uploads\/sites\/2\/2021\/07\/photo1626288889-1-768x432.jpeg 768w\" sizes=\"auto, (max-width: 800px) 100vw, 800px\" \/><figcaption>Conselheiros municipais participam do curso de orat\u00f3ria promovido pela Prefeitura de Jundia\u00ed em parceria com a TVTEC<\/figcaption><\/figure>\n\n\n\n<p>Para o gestor da Casa Civil da Prefeitura de Jundia\u00ed, Gustavo Maryssael, o curso de orat\u00f3ria \u201c\u00e9 um instrumento facilitador na divulga\u00e7\u00e3o das ideias, na hora de se expressar de uma maneira clara, precisa, concisa. Ent\u00e3o, \u00e9 uma parceria muito importante que, certamente, trar\u00e1 bons resultados a todos os conselhos municipais\u201d.<\/p>\n\n\n\n<p>A superintendente da TVTEC, M\u00f4nica Gropelo, acredita que o incentivo em qualifica\u00e7\u00e3o \u00e9 sempre o melhor caminho. \u201cOs cursos da Funda\u00e7\u00e3o Escola TVTEC est\u00e3o sendo uma importante ferramenta de no\u00e7\u00f5es e t\u00e9cnicas para incentivar e amplificar a comunica\u00e7\u00e3o e as atividades on-line em v\u00e1rios setores da administra\u00e7\u00e3o. Isso nos traz satisfa\u00e7\u00e3o, legitimidade e um maior envolvimento com nossos pares\u201d, avalia.<\/p>\n\n\n\n<p><em>(Texto\/Imagem: TVTEC)<\/em><\/p>\n","protected":false},"excerpt":{"rendered":"<p>Curso \u201cOrat\u00f3ria \u2013 Comunica\u00e7\u00e3o Assertiva e n\u00e3o violenta\u201d foi ministrado pela professora Karina Pachiega<\/p>\n","protected":false},"author":28,"featured_media":79245,"comment_status":"closed","ping_status":"closed","sticky":false,"template":"","format":"standard","meta":{"footnotes":""},"categories":[8356,1],"tags":[],"class_list":["post-79243","post","type-post","status-publish","format-standard","has-post-thumbnail","hentry","category-jundiai","category-noticias"],"_links":{"self":[{"href":"https:\/\/tvtecjundiai.com.br\/news\/wp-json\/wp\/v2\/posts\/79243","targetHints":{"allow":["GET"]}}],"collection":[{"href":"https:\/\/tvtecjundiai.com.br\/news\/wp-json\/wp\/v2\/posts"}],"about":[{"href":"https:\/\/tvtecjundiai.com.br\/news\/wp-json\/wp\/v2\/types\/post"}],"author":[{"embeddable":true,"href":"https:\/\/tvtecjundiai.com.br\/news\/wp-json\/wp\/v2\/users\/28"}],"replies":[{"embeddable":true,"href":"https:\/\/tvtecjundiai.com.br\/news\/wp-json\/wp\/v2\/comments?post=79243"}],"version-history":[{"count":2,"href":"https:\/\/tvtecjundiai.com.br\/news\/wp-json\/wp\/v2\/posts\/79243\/revisions"}],"predecessor-version":[{"id":79262,"href":"https:\/\/tvtecjundiai.com.br\/news\/wp-json\/wp\/v2\/posts\/79243\/revisions\/79262"}],"wp:featuredmedia":[{"embeddable":true,"href":"https:\/\/tvtecjundiai.com.br\/news\/wp-json\/wp\/v2\/media\/79245"}],"wp:attachment":[{"href":"https:\/\/tvtecjundiai.com.br\/news\/wp-json\/wp\/v2\/media?parent=79243"}],"wp:term":[{"taxonomy":"category","embeddable":true,"href":"https:\/\/tvtecjundiai.com.br\/news\/wp-json\/wp\/v2\/categories?post=79243"},{"taxonomy":"post_tag","embeddable":true,"href":"https:\/\/tvtecjundiai.com.br\/news\/wp-json\/wp\/v2\/tags?post=79243"}],"curies":[{"name":"wp","href":"https:\/\/api.w.org\/{rel}","templated":true}]}}