{"id":79250,"date":"2021-07-15T15:05:43","date_gmt":"2021-07-15T18:05:43","guid":{"rendered":"https:\/\/tvtecjundiai.com.br\/news\/?p=79250"},"modified":"2021-07-15T15:08:02","modified_gmt":"2021-07-15T18:08:02","slug":"sp-distribui-27-milhoes-de-doses-de-vacina-contra-covid-19-para-os-645-municipios-1","status":"publish","type":"post","link":"https:\/\/tvtecjundiai.com.br\/news\/2021\/07\/15\/sp-distribui-27-milhoes-de-doses-de-vacina-contra-covid-19-para-os-645-municipios-1\/","title":{"rendered":"Governo de SP distribui 2,7 milh\u00f5es de doses da CoronaVac para os 645 munic\u00edpios"},"content":{"rendered":"\n<p>O Governo de SP encaminhou nesta quinta-feira (15), para os 645 munic\u00edpios do estado, 2,7 milh\u00f5es de doses de vacina CoronaVac para a continuidade da campanha de imuniza\u00e7\u00e3o contra COVID-19. O secret\u00e1rio de Estado da Sa\u00fade, Jean Gorinchteyn, e a coordenadora do Plano Estadual de Imuniza\u00e7\u00e3o (PEI), Regiane de Paula, acompanharam a sa\u00edda dos caminh\u00f5es no Centro de Distribui\u00e7\u00e3o e Log\u00edstica da pasta estadual.<\/p>\n\n\n\n<p>Este primeiro lote faz parte de uma compra de 30 milh\u00f5es de doses extras que o Governo do Estado adquiriu da Sinovac. Outras 1,3 milh\u00f5es de doses devem chegar ao Brasil at\u00e9 o final deste m\u00eas.<\/p>\n\n\n\n<p>\u201cS\u00e3o vacinas prontas e que v\u00e3o garantir o cumprimento do cronograma de imuniza\u00e7\u00e3o do estado de S\u00e3o Paulo, que aplicar\u00e1 pelo menos uma dose da vacina contra Covid-19 em toda a popula\u00e7\u00e3o adulta at\u00e9 o dia 20 de agosto\u201d, destaca o secret\u00e1rio de Estado de Sa\u00fade, Jean Gorinchteyn.<\/p>\n\n\n\n<figure class=\"wp-block-image size-large\"><img loading=\"lazy\" decoding=\"async\" width=\"1200\" height=\"801\" src=\"https:\/\/tvtecjundiai.com.br\/news\/wp-content\/uploads\/sites\/2\/2021\/07\/51313954895_62b2670292_k-1200x801.jpg\" alt=\"\" class=\"wp-image-79254\" srcset=\"https:\/\/tvtecjundiai.com.br\/news\/wp-content\/uploads\/sites\/2\/2021\/07\/51313954895_62b2670292_k-1200x801.jpg 1200w, https:\/\/tvtecjundiai.com.br\/news\/wp-content\/uploads\/sites\/2\/2021\/07\/51313954895_62b2670292_k-300x200.jpg 300w, https:\/\/tvtecjundiai.com.br\/news\/wp-content\/uploads\/sites\/2\/2021\/07\/51313954895_62b2670292_k-768x512.jpg 768w, https:\/\/tvtecjundiai.com.br\/news\/wp-content\/uploads\/sites\/2\/2021\/07\/51313954895_62b2670292_k.jpg 1280w\" sizes=\"auto, (max-width: 1200px) 100vw, 1200px\" \/><\/figure>\n\n\n\n<p>Estas vacinas s\u00e3o direcionadas para os munic\u00edpios vacinarem o p\u00fablico-alvo de 30 a 34 anos de idade, que come\u00e7am a imuniza\u00e7\u00e3o na pr\u00f3xima segunda-feira, dia 19 de julho. Hoje come\u00e7ou a vacina\u00e7\u00e3o em todo o estado das pessoas entre 35 e 36 anos, segundo o calend\u00e1rio do PEI.<\/p>\n\n\n\n<p>Al\u00e9m das vacinas extras que ser\u00e3o usadas pela popula\u00e7\u00e3o de S\u00e3o Paulo, o Governo do Estado baseia o seu calend\u00e1rio na estimativa de entregas de vacinas do Minist\u00e9rio da Sa\u00fade. O calend\u00e1rio considera o in\u00edcio do esquema vacinal, que \u00e9 composto por duas doses para tr\u00eas dos quatro imunizantes oferecidos no Brasil.<\/p>\n\n\n\n<p>No in\u00edcio desta semana o Governo de SP encaminhou para os munic\u00edpios outras 2 milh\u00f5es de doses para a imuniza\u00e7\u00e3o das pessoas com 35 e 36 anos e para a segunda dose das pessoas com 63, 65 e 66 anos de idade.<\/p>\n\n\n\n<p>O calend\u00e1rio completo da vacina\u00e7\u00e3o no estado de S\u00e3o Paulo est\u00e1 dispon\u00edvel no site&nbsp;<a href=\"https:\/\/vacinaja.sp.gov.br\/diadaesperanca\/\">https:\/\/vacinaja.sp.gov.br\/diadaesperanca\/<\/a>.<\/p>\n\n\n\n<p><strong>Vacina J\u00e1<\/strong><\/p>\n\n\n\n<p>O pr\u00e9-cadastro no site Vacina J\u00e1 (www.vacinaja.sp.gov.br) \u00e9 recomendado para todos os p\u00fablicos inclu\u00eddos no calend\u00e1rio do PEI e economiza at\u00e9 90% no tempo de atendimento nos postos de vacina\u00e7\u00e3o. O formul\u00e1rio pode ser preenchido no site ou via WhatsApp \u2013 basta adicionar o n\u00famero +55 11 95220-2923 \u00e0 lista de contatos e enviar um \u201coi\u201d ou clicar no link wa.me\/5511952202923?text=oi .<\/p>\n\n\n\n<p>O preenchimento antecipado n\u00e3o \u00e9 obrigat\u00f3rio, mas facilita o trabalho dos profissionais de sa\u00fade e tamb\u00e9m reduz as chances de aglomera\u00e7\u00e3o nos pontos de aplica\u00e7\u00e3o das vacinas contra a COVID-19.<\/p>\n\n\n\n<p><em>(Texto\/Imagem: Portal do Governo)<\/em><\/p>\n","protected":false},"excerpt":{"rendered":"<p>Imunizantes ser\u00e3o para a vacina\u00e7\u00e3o de quem tem 30 a 34 anos<\/p>\n","protected":false},"author":28,"featured_media":79254,"comment_status":"closed","ping_status":"closed","sticky":false,"template":"","format":"standard","meta":{"footnotes":""},"categories":[8356,1],"tags":[],"class_list":["post-79250","post","type-post","status-publish","format-standard","has-post-thumbnail","hentry","category-jundiai","category-noticias"],"_links":{"self":[{"href":"https:\/\/tvtecjundiai.com.br\/news\/wp-json\/wp\/v2\/posts\/79250","targetHints":{"allow":["GET"]}}],"collection":[{"href":"https:\/\/tvtecjundiai.com.br\/news\/wp-json\/wp\/v2\/posts"}],"about":[{"href":"https:\/\/tvtecjundiai.com.br\/news\/wp-json\/wp\/v2\/types\/post"}],"author":[{"embeddable":true,"href":"https:\/\/tvtecjundiai.com.br\/news\/wp-json\/wp\/v2\/users\/28"}],"replies":[{"embeddable":true,"href":"https:\/\/tvtecjundiai.com.br\/news\/wp-json\/wp\/v2\/comments?post=79250"}],"version-history":[{"count":2,"href":"https:\/\/tvtecjundiai.com.br\/news\/wp-json\/wp\/v2\/posts\/79250\/revisions"}],"predecessor-version":[{"id":79257,"href":"https:\/\/tvtecjundiai.com.br\/news\/wp-json\/wp\/v2\/posts\/79250\/revisions\/79257"}],"wp:featuredmedia":[{"embeddable":true,"href":"https:\/\/tvtecjundiai.com.br\/news\/wp-json\/wp\/v2\/media\/79254"}],"wp:attachment":[{"href":"https:\/\/tvtecjundiai.com.br\/news\/wp-json\/wp\/v2\/media?parent=79250"}],"wp:term":[{"taxonomy":"category","embeddable":true,"href":"https:\/\/tvtecjundiai.com.br\/news\/wp-json\/wp\/v2\/categories?post=79250"},{"taxonomy":"post_tag","embeddable":true,"href":"https:\/\/tvtecjundiai.com.br\/news\/wp-json\/wp\/v2\/tags?post=79250"}],"curies":[{"name":"wp","href":"https:\/\/api.w.org\/{rel}","templated":true}]}}