{"id":79265,"date":"2021-07-15T16:12:59","date_gmt":"2021-07-15T19:12:59","guid":{"rendered":"https:\/\/tvtecjundiai.com.br\/news\/?p=79265"},"modified":"2021-07-16T09:43:58","modified_gmt":"2021-07-16T12:43:58","slug":"temperaturas-prometem-cair-em-jundiai-a-partir-da-semana-que-vem-2","status":"publish","type":"post","link":"https:\/\/tvtecjundiai.com.br\/news\/2021\/07\/15\/temperaturas-prometem-cair-em-jundiai-a-partir-da-semana-que-vem-2\/","title":{"rendered":"Temperaturas devem cair em Jundia\u00ed a partir da semana que vem, com m\u00ednima de 6\u00baC"},"content":{"rendered":"\n<p>Apesar das temperaturas terem subido por esses dias em Jundia\u00ed e na regi\u00e3o, os term\u00f4metros prometem cair novamente a partir da semana que vem, segundo o Climatempo.<\/p>\n\n\n\n<p>Nesta sexta-feira (16), as temperaturas ainda n\u00e3o devem cair muito, com a m\u00ednima atingindo os 15\u00ba e a m\u00e1xima n\u00e3o passando dos 26\u00ba. O s\u00e1bado (17) se mant\u00e9m praticamente igual \u00e0 sexta-feira, com a m\u00ednima chegando aos 14\u00ba e a m\u00e1xima se mantendo nos 26\u00ba.<\/p>\n\n\n\n<figure class=\"wp-block-image size-large\"><img loading=\"lazy\" decoding=\"async\" width=\"1200\" height=\"800\" src=\"https:\/\/tvtecjundiai.com.br\/news\/wp-content\/uploads\/sites\/2\/2021\/06\/tempo_frio_jundiai-1200x800.jpg\" alt=\"\" class=\"wp-image-78425\" srcset=\"https:\/\/tvtecjundiai.com.br\/news\/wp-content\/uploads\/sites\/2\/2021\/06\/tempo_frio_jundiai-1200x800.jpg 1200w, https:\/\/tvtecjundiai.com.br\/news\/wp-content\/uploads\/sites\/2\/2021\/06\/tempo_frio_jundiai-300x200.jpg 300w, https:\/\/tvtecjundiai.com.br\/news\/wp-content\/uploads\/sites\/2\/2021\/06\/tempo_frio_jundiai-768x512.jpg 768w, https:\/\/tvtecjundiai.com.br\/news\/wp-content\/uploads\/sites\/2\/2021\/06\/tempo_frio_jundiai.jpg 1280w\" sizes=\"auto, (max-width: 1200px) 100vw, 1200px\" \/><\/figure>\n\n\n\n<p>J\u00e1 no domingo (18), os term\u00f4metros j\u00e1 come\u00e7am a diminuir. A m\u00e1xima n\u00e3o passa dos 22\u00ba e a m\u00ednima chega aos 12\u00ba.<\/p>\n\n\n\n<p>De acordo com o Climatempo, h\u00e1 um alerta de mudan\u00e7a brusca de temperatura para a segunda-feira (19). A temperatura m\u00e1xima n\u00e3o deve passar dos 19\u00ba e a m\u00ednima deve atingir os 8\u00ba.<\/p>\n\n\n\n<p>Na ter\u00e7a-feira (20), a temperatura deve cair um pouco mais, com a m\u00ednima atingindo os 6\u00ba.<\/p>\n\n\n\n<p><em>(Texto\/Imagem: TVTEC)<\/em><\/p>\n","protected":false},"excerpt":{"rendered":"<p>M\u00ednima na segunda-feira (19) promete chegar aos 8\u00ba<\/p>\n","protected":false},"author":28,"featured_media":77416,"comment_status":"closed","ping_status":"closed","sticky":false,"template":"","format":"standard","meta":{"footnotes":""},"categories":[8356,1],"tags":[],"class_list":["post-79265","post","type-post","status-publish","format-standard","has-post-thumbnail","hentry","category-jundiai","category-noticias"],"_links":{"self":[{"href":"https:\/\/tvtecjundiai.com.br\/news\/wp-json\/wp\/v2\/posts\/79265","targetHints":{"allow":["GET"]}}],"collection":[{"href":"https:\/\/tvtecjundiai.com.br\/news\/wp-json\/wp\/v2\/posts"}],"about":[{"href":"https:\/\/tvtecjundiai.com.br\/news\/wp-json\/wp\/v2\/types\/post"}],"author":[{"embeddable":true,"href":"https:\/\/tvtecjundiai.com.br\/news\/wp-json\/wp\/v2\/users\/28"}],"replies":[{"embeddable":true,"href":"https:\/\/tvtecjundiai.com.br\/news\/wp-json\/wp\/v2\/comments?post=79265"}],"version-history":[{"count":4,"href":"https:\/\/tvtecjundiai.com.br\/news\/wp-json\/wp\/v2\/posts\/79265\/revisions"}],"predecessor-version":[{"id":79351,"href":"https:\/\/tvtecjundiai.com.br\/news\/wp-json\/wp\/v2\/posts\/79265\/revisions\/79351"}],"wp:featuredmedia":[{"embeddable":true,"href":"https:\/\/tvtecjundiai.com.br\/news\/wp-json\/wp\/v2\/media\/77416"}],"wp:attachment":[{"href":"https:\/\/tvtecjundiai.com.br\/news\/wp-json\/wp\/v2\/media?parent=79265"}],"wp:term":[{"taxonomy":"category","embeddable":true,"href":"https:\/\/tvtecjundiai.com.br\/news\/wp-json\/wp\/v2\/categories?post=79265"},{"taxonomy":"post_tag","embeddable":true,"href":"https:\/\/tvtecjundiai.com.br\/news\/wp-json\/wp\/v2\/tags?post=79265"}],"curies":[{"name":"wp","href":"https:\/\/api.w.org\/{rel}","templated":true}]}}