{"id":79272,"date":"2021-07-15T16:54:14","date_gmt":"2021-07-15T19:54:14","guid":{"rendered":"https:\/\/tvtecjundiai.com.br\/news\/?p=79272"},"modified":"2021-07-15T17:00:57","modified_gmt":"2021-07-15T20:00:57","slug":"sete-obitos-sao-contabilizados-por-covid-19-nesta-quinta-feira-15-em-jundiai","status":"publish","type":"post","link":"https:\/\/tvtecjundiai.com.br\/news\/2021\/07\/15\/sete-obitos-sao-contabilizados-por-covid-19-nesta-quinta-feira-15-em-jundiai\/","title":{"rendered":"Sete \u00f3bitos s\u00e3o contabilizados por COVID-19 nesta quinta-feira (15) em Jundia\u00ed"},"content":{"rendered":"\n<p>A Prefeitura de Jundia\u00ed informa que, nesta quinta-feira (15), sete \u00f3bitos foram contabilizados de residentes na cidade causados pelo Novo Coronav\u00edrus.<\/p>\n\n\n\n<p>Homem, 58 anos, obeso. Internou 02\/07 e faleceu 15\/07 no hospital S\u00e3o Vicente.<\/p>\n\n\n\n<p>Homem, 73 anos, portador de pneumopatia cr\u00f4nica e diabetes. Internou 06\/06 e faleceu 15\/07 em hospital privado da cidade.<\/p>\n\n\n\n<p>Mulher, 41 anos, portadora de doen\u00e7a cardiovascular cr\u00f4nica e diabetes. Internou 06\/07 e faleceu 14\/07 no hospital S\u00e3o Vicente.<\/p>\n\n\n\n<p>Mulher, 89 anos, portadora de doen\u00e7a cardiovascular cr\u00f4nica. Internou 02\/07 e faleceu 14\/07 no hospital S\u00e3o Vicente.<\/p>\n\n\n\n<p>Homem, 90 anos, portador de doen\u00e7a cardiovascular cr\u00f4nica. Internou 12\/07 e faleceu 14\/07 em hospital privado da cidade.<\/p>\n\n\n\n<p>Mulher, 49 anos, obesa, portadora de doen\u00e7a cardiovascular cr\u00f4nica e diabetes. Internou e faleceu 13\/07 no hospital S\u00e3o Vicente.<\/p>\n\n\n\n<p>Mulher, 72 anos, sem comorbidades registradas. Internou 11\/07 e faleceu 15\/07 no hospital S\u00e3o Vicente.<\/p>\n\n\n\n<p>At\u00e9 o momento, a cidade registra 1477 \u00f3bitos causados pela COVID-19 desde o in\u00edcio da pandemia.<\/p>\n\n\n\n<figure class=\"wp-block-image size-large\"><img loading=\"lazy\" decoding=\"async\" width=\"960\" height=\"960\" src=\"https:\/\/tvtecjundiai.com.br\/news\/wp-content\/uploads\/sites\/2\/2021\/07\/WhatsApp-Image-2021-07-15-at-16.40.16-960x960.jpeg\" alt=\"\" class=\"wp-image-79273\" srcset=\"https:\/\/tvtecjundiai.com.br\/news\/wp-content\/uploads\/sites\/2\/2021\/07\/WhatsApp-Image-2021-07-15-at-16.40.16-960x960.jpeg 960w, https:\/\/tvtecjundiai.com.br\/news\/wp-content\/uploads\/sites\/2\/2021\/07\/WhatsApp-Image-2021-07-15-at-16.40.16-300x300.jpeg 300w, https:\/\/tvtecjundiai.com.br\/news\/wp-content\/uploads\/sites\/2\/2021\/07\/WhatsApp-Image-2021-07-15-at-16.40.16-100x100.jpeg 100w, https:\/\/tvtecjundiai.com.br\/news\/wp-content\/uploads\/sites\/2\/2021\/07\/WhatsApp-Image-2021-07-15-at-16.40.16-768x768.jpeg 768w, https:\/\/tvtecjundiai.com.br\/news\/wp-content\/uploads\/sites\/2\/2021\/07\/WhatsApp-Image-2021-07-15-at-16.40.16.jpeg 1280w\" sizes=\"auto, (max-width: 960px) 100vw, 960px\" \/><\/figure>\n\n\n\n<p><\/p>\n\n\n\n<figure class=\"wp-block-image size-large\"><img loading=\"lazy\" decoding=\"async\" width=\"960\" height=\"960\" src=\"https:\/\/tvtecjundiai.com.br\/news\/wp-content\/uploads\/sites\/2\/2021\/07\/WhatsApp-Image-2021-07-15-at-16.40.14-960x960.jpeg\" alt=\"\" class=\"wp-image-79274\" srcset=\"https:\/\/tvtecjundiai.com.br\/news\/wp-content\/uploads\/sites\/2\/2021\/07\/WhatsApp-Image-2021-07-15-at-16.40.14-960x960.jpeg 960w, https:\/\/tvtecjundiai.com.br\/news\/wp-content\/uploads\/sites\/2\/2021\/07\/WhatsApp-Image-2021-07-15-at-16.40.14-300x300.jpeg 300w, https:\/\/tvtecjundiai.com.br\/news\/wp-content\/uploads\/sites\/2\/2021\/07\/WhatsApp-Image-2021-07-15-at-16.40.14-100x100.jpeg 100w, https:\/\/tvtecjundiai.com.br\/news\/wp-content\/uploads\/sites\/2\/2021\/07\/WhatsApp-Image-2021-07-15-at-16.40.14-768x768.jpeg 768w, https:\/\/tvtecjundiai.com.br\/news\/wp-content\/uploads\/sites\/2\/2021\/07\/WhatsApp-Image-2021-07-15-at-16.40.14.jpeg 1280w\" sizes=\"auto, (max-width: 960px) 100vw, 960px\" \/><\/figure>\n\n\n\n<p><em>(Texto\/Imagem: Prefeitura de Jundia\u00ed)<\/em><\/p>\n","protected":false},"excerpt":{"rendered":"<p>Tamb\u00e9m foram contabilizados 110 novos casos da doen\u00e7a<\/p>\n","protected":false},"author":28,"featured_media":74774,"comment_status":"closed","ping_status":"closed","sticky":false,"template":"","format":"standard","meta":{"footnotes":""},"categories":[8356,1],"tags":[],"class_list":["post-79272","post","type-post","status-publish","format-standard","has-post-thumbnail","hentry","category-jundiai","category-noticias"],"_links":{"self":[{"href":"https:\/\/tvtecjundiai.com.br\/news\/wp-json\/wp\/v2\/posts\/79272","targetHints":{"allow":["GET"]}}],"collection":[{"href":"https:\/\/tvtecjundiai.com.br\/news\/wp-json\/wp\/v2\/posts"}],"about":[{"href":"https:\/\/tvtecjundiai.com.br\/news\/wp-json\/wp\/v2\/types\/post"}],"author":[{"embeddable":true,"href":"https:\/\/tvtecjundiai.com.br\/news\/wp-json\/wp\/v2\/users\/28"}],"replies":[{"embeddable":true,"href":"https:\/\/tvtecjundiai.com.br\/news\/wp-json\/wp\/v2\/comments?post=79272"}],"version-history":[{"count":2,"href":"https:\/\/tvtecjundiai.com.br\/news\/wp-json\/wp\/v2\/posts\/79272\/revisions"}],"predecessor-version":[{"id":79276,"href":"https:\/\/tvtecjundiai.com.br\/news\/wp-json\/wp\/v2\/posts\/79272\/revisions\/79276"}],"wp:featuredmedia":[{"embeddable":true,"href":"https:\/\/tvtecjundiai.com.br\/news\/wp-json\/wp\/v2\/media\/74774"}],"wp:attachment":[{"href":"https:\/\/tvtecjundiai.com.br\/news\/wp-json\/wp\/v2\/media?parent=79272"}],"wp:term":[{"taxonomy":"category","embeddable":true,"href":"https:\/\/tvtecjundiai.com.br\/news\/wp-json\/wp\/v2\/categories?post=79272"},{"taxonomy":"post_tag","embeddable":true,"href":"https:\/\/tvtecjundiai.com.br\/news\/wp-json\/wp\/v2\/tags?post=79272"}],"curies":[{"name":"wp","href":"https:\/\/api.w.org\/{rel}","templated":true}]}}