{"id":79277,"date":"2021-07-15T17:09:49","date_gmt":"2021-07-15T20:09:49","guid":{"rendered":"https:\/\/tvtecjundiai.com.br\/news\/?p=79277"},"modified":"2021-07-15T17:09:54","modified_gmt":"2021-07-15T20:09:54","slug":"papai-noel-de-jundiai-toma-segunda-dose-de-vacina-contra-a-covid-19","status":"publish","type":"post","link":"https:\/\/tvtecjundiai.com.br\/news\/2021\/07\/15\/papai-noel-de-jundiai-toma-segunda-dose-de-vacina-contra-a-covid-19\/","title":{"rendered":"\u2018Papai Noel\u2019 de Jundia\u00ed toma segunda dose de vacina contra a COVID-19"},"content":{"rendered":"\n<p>Aristides Pretti, o famoso \u201cPapai Noel\u201d de Jundia\u00ed, tomou a segunda dose da vacina contra a COVID-19 e est\u00e1 agora, oficialmente, imunizado.<\/p>\n\n\n\n<p>Ele, que atua como Papai Noel em Jundia\u00ed h\u00e1 mais de 15 anos, n\u00e3o esconde a vontade de passar um Natal bem diferente do que o vivenciado em 2020. \u201cNunca passei uma situa\u00e7\u00e3o dessas, de ter que fazer um Natal diferente desse que passou, longe das crian\u00e7as, longe dos pais. Ent\u00e3o, foi um Natal bem mais triste\u201d, lamentou.<\/p>\n\n\n\n<figure class=\"wp-block-image size-large\"><img loading=\"lazy\" decoding=\"async\" width=\"1024\" height=\"768\" src=\"https:\/\/tvtecjundiai.com.br\/news\/wp-content\/uploads\/sites\/2\/2021\/07\/WhatsApp-Image-2021-07-15-at-16.40.19-1.jpeg\" alt=\"\" class=\"wp-image-79279\" srcset=\"https:\/\/tvtecjundiai.com.br\/news\/wp-content\/uploads\/sites\/2\/2021\/07\/WhatsApp-Image-2021-07-15-at-16.40.19-1.jpeg 1024w, https:\/\/tvtecjundiai.com.br\/news\/wp-content\/uploads\/sites\/2\/2021\/07\/WhatsApp-Image-2021-07-15-at-16.40.19-1-300x225.jpeg 300w, https:\/\/tvtecjundiai.com.br\/news\/wp-content\/uploads\/sites\/2\/2021\/07\/WhatsApp-Image-2021-07-15-at-16.40.19-1-768x576.jpeg 768w\" sizes=\"auto, (max-width: 1024px) 100vw, 1024px\" \/><\/figure>\n\n\n\n<p>Agora, o bom velhinho est\u00e1 cheio de esperan\u00e7as para que este final de ano seja completamente diferente. \u201c\u00c9 o que o Papai Noel mais quer, que todo mundo chegue e tome essa vacina, que at\u00e9 o final do ano todo mundo fique tranquilo, protegido. E que nosso Natal seja presencial, para poder abra\u00e7ar de novo as crian\u00e7as. Como se diz, seria um presente de Natal para todo mundo\u201d, diz.<\/p>\n\n\n\n<p><em>(Texto\/Imagem: TVTEC)<\/em><\/p>\n\n\n\n<figure class=\"wp-block-embed is-type-video is-provider-youtube wp-block-embed-youtube wp-embed-aspect-16-9 wp-has-aspect-ratio\"><div class=\"wp-block-embed__wrapper\">\n<iframe loading=\"lazy\" title=\"Papai Noel toma segunda dose de vacina contra a COVID-19 em Jundia\u00ed\" width=\"500\" height=\"281\" src=\"https:\/\/www.youtube.com\/embed\/XN8AOVD-3Xw?feature=oembed\" frameborder=\"0\" allow=\"accelerometer; autoplay; clipboard-write; encrypted-media; gyroscope; picture-in-picture; web-share\" referrerpolicy=\"strict-origin-when-cross-origin\" allowfullscreen><\/iframe>\n<\/div><\/figure>\n","protected":false},"excerpt":{"rendered":"<p>Agora cheio de esperan\u00e7a, o \u2018bom velhinho\u2019 espera passar um Natal totalmente diferente<\/p>\n","protected":false},"author":28,"featured_media":79278,"comment_status":"closed","ping_status":"closed","sticky":false,"template":"","format":"standard","meta":{"footnotes":""},"categories":[8356,1],"tags":[],"class_list":["post-79277","post","type-post","status-publish","format-standard","has-post-thumbnail","hentry","category-jundiai","category-noticias"],"_links":{"self":[{"href":"https:\/\/tvtecjundiai.com.br\/news\/wp-json\/wp\/v2\/posts\/79277","targetHints":{"allow":["GET"]}}],"collection":[{"href":"https:\/\/tvtecjundiai.com.br\/news\/wp-json\/wp\/v2\/posts"}],"about":[{"href":"https:\/\/tvtecjundiai.com.br\/news\/wp-json\/wp\/v2\/types\/post"}],"author":[{"embeddable":true,"href":"https:\/\/tvtecjundiai.com.br\/news\/wp-json\/wp\/v2\/users\/28"}],"replies":[{"embeddable":true,"href":"https:\/\/tvtecjundiai.com.br\/news\/wp-json\/wp\/v2\/comments?post=79277"}],"version-history":[{"count":1,"href":"https:\/\/tvtecjundiai.com.br\/news\/wp-json\/wp\/v2\/posts\/79277\/revisions"}],"predecessor-version":[{"id":79280,"href":"https:\/\/tvtecjundiai.com.br\/news\/wp-json\/wp\/v2\/posts\/79277\/revisions\/79280"}],"wp:featuredmedia":[{"embeddable":true,"href":"https:\/\/tvtecjundiai.com.br\/news\/wp-json\/wp\/v2\/media\/79278"}],"wp:attachment":[{"href":"https:\/\/tvtecjundiai.com.br\/news\/wp-json\/wp\/v2\/media?parent=79277"}],"wp:term":[{"taxonomy":"category","embeddable":true,"href":"https:\/\/tvtecjundiai.com.br\/news\/wp-json\/wp\/v2\/categories?post=79277"},{"taxonomy":"post_tag","embeddable":true,"href":"https:\/\/tvtecjundiai.com.br\/news\/wp-json\/wp\/v2\/tags?post=79277"}],"curies":[{"name":"wp","href":"https:\/\/api.w.org\/{rel}","templated":true}]}}