{"id":79363,"date":"2021-07-16T16:03:02","date_gmt":"2021-07-16T19:03:02","guid":{"rendered":"https:\/\/tvtecjundiai.com.br\/news\/?p=79363"},"modified":"2021-07-16T16:03:27","modified_gmt":"2021-07-16T19:03:27","slug":"covid-19-vigilancia-epidemiologica-monitora-escolas-da-rede-municipal-de-ensino","status":"publish","type":"post","link":"https:\/\/tvtecjundiai.com.br\/news\/2021\/07\/16\/covid-19-vigilancia-epidemiologica-monitora-escolas-da-rede-municipal-de-ensino\/","title":{"rendered":"COVID-19: Vigil\u00e2ncia Epidemiol\u00f3gica monitora escolas da rede municipal de ensino"},"content":{"rendered":"\n<p>A Vigil\u00e2ncia Epidemiol\u00f3gica promove o monitoramento da situa\u00e7\u00e3o epidemiol\u00f3gica referente \u00e0 COVID-19 nas escolas da rede municipal de ensino de Jundia\u00ed e divulga o boletim do per\u00edodo de 08 a 14 de julho. O acompanhamento \u00e9 realizado por meio do APP Educa\u00e7\u00e3o Jundia\u00ed e com objetivo de manter a transpar\u00eancia das informa\u00e7\u00f5es.\u00a0<\/p>\n\n\n\n<p>N\u00e3o foram registrados casos em alunos e 1 caso em profissionais de educa\u00e7\u00e3o, ou seja, todo colaborador que atua na \u00e1rea de educa\u00e7\u00e3o, equipes administrativas, limpeza, cozinha, coordenadores, professores, diretores, entre outros. Desde o in\u00edcio do ano letivo de 2021 at\u00e9 14 de julho foram confirmados 192 casos em alunos e 311 em profissionais de educa\u00e7\u00e3o.<\/p>\n\n\n\n<figure class=\"wp-block-image size-large\"><img loading=\"lazy\" decoding=\"async\" width=\"1200\" height=\"800\" src=\"https:\/\/tvtecjundiai.com.br\/news\/wp-content\/uploads\/sites\/2\/2021\/07\/aplicativo-educacao-covid_c_-2_-1200x800.jpg\" alt=\"\" class=\"wp-image-78603\" srcset=\"https:\/\/tvtecjundiai.com.br\/news\/wp-content\/uploads\/sites\/2\/2021\/07\/aplicativo-educacao-covid_c_-2_-1200x800.jpg 1200w, https:\/\/tvtecjundiai.com.br\/news\/wp-content\/uploads\/sites\/2\/2021\/07\/aplicativo-educacao-covid_c_-2_-300x200.jpg 300w, https:\/\/tvtecjundiai.com.br\/news\/wp-content\/uploads\/sites\/2\/2021\/07\/aplicativo-educacao-covid_c_-2_-768x512.jpg 768w, https:\/\/tvtecjundiai.com.br\/news\/wp-content\/uploads\/sites\/2\/2021\/07\/aplicativo-educacao-covid_c_-2_.jpg 1280w\" sizes=\"auto, (max-width: 1200px) 100vw, 1200px\" \/><\/figure>\n\n\n\n<p>Todas as unidades escolares seguem as orienta\u00e7\u00f5es do Comit\u00ea de Enfrentamento ao Coronav\u00edrus. As aulas seguem em sistema h\u00edbrido, com parte dos alunos em atividades presenciais e parte em sistema remoto e escalonamento dos grupos. Cada escola trabalha com o limite m\u00e1ximo de 35% de ocupa\u00e7\u00e3o, higieniza\u00e7\u00e3o dos ambientes, disponibiliza\u00e7\u00e3o de \u00e1lcool em gel, uso de m\u00e1scara e equipamentos de prote\u00e7\u00e3o individual para os profissionais.<\/p>\n\n\n\n<p><em>(Texto\/Imagem: Prefeitura de Jundia\u00ed)<\/em><\/p>\n","protected":false},"excerpt":{"rendered":"<p>No per\u00edodo de 8 a 14 de julho, n\u00e3o foram registrados casos em alunos<\/p>\n","protected":false},"author":28,"featured_media":78603,"comment_status":"closed","ping_status":"closed","sticky":false,"template":"","format":"standard","meta":{"footnotes":""},"categories":[8356,1],"tags":[],"class_list":["post-79363","post","type-post","status-publish","format-standard","has-post-thumbnail","hentry","category-jundiai","category-noticias"],"_links":{"self":[{"href":"https:\/\/tvtecjundiai.com.br\/news\/wp-json\/wp\/v2\/posts\/79363","targetHints":{"allow":["GET"]}}],"collection":[{"href":"https:\/\/tvtecjundiai.com.br\/news\/wp-json\/wp\/v2\/posts"}],"about":[{"href":"https:\/\/tvtecjundiai.com.br\/news\/wp-json\/wp\/v2\/types\/post"}],"author":[{"embeddable":true,"href":"https:\/\/tvtecjundiai.com.br\/news\/wp-json\/wp\/v2\/users\/28"}],"replies":[{"embeddable":true,"href":"https:\/\/tvtecjundiai.com.br\/news\/wp-json\/wp\/v2\/comments?post=79363"}],"version-history":[{"count":1,"href":"https:\/\/tvtecjundiai.com.br\/news\/wp-json\/wp\/v2\/posts\/79363\/revisions"}],"predecessor-version":[{"id":79364,"href":"https:\/\/tvtecjundiai.com.br\/news\/wp-json\/wp\/v2\/posts\/79363\/revisions\/79364"}],"wp:featuredmedia":[{"embeddable":true,"href":"https:\/\/tvtecjundiai.com.br\/news\/wp-json\/wp\/v2\/media\/78603"}],"wp:attachment":[{"href":"https:\/\/tvtecjundiai.com.br\/news\/wp-json\/wp\/v2\/media?parent=79363"}],"wp:term":[{"taxonomy":"category","embeddable":true,"href":"https:\/\/tvtecjundiai.com.br\/news\/wp-json\/wp\/v2\/categories?post=79363"},{"taxonomy":"post_tag","embeddable":true,"href":"https:\/\/tvtecjundiai.com.br\/news\/wp-json\/wp\/v2\/tags?post=79363"}],"curies":[{"name":"wp","href":"https:\/\/api.w.org\/{rel}","templated":true}]}}