{"id":79365,"date":"2021-07-16T16:10:59","date_gmt":"2021-07-16T19:10:59","guid":{"rendered":"https:\/\/tvtecjundiai.com.br\/news\/?p=79365"},"modified":"2021-07-16T16:11:03","modified_gmt":"2021-07-16T19:11:03","slug":"funss-abre-inscricoes-on-line-para-curso-que-ensinara-tecnicas-de-bordado","status":"publish","type":"post","link":"https:\/\/tvtecjundiai.com.br\/news\/2021\/07\/16\/funss-abre-inscricoes-on-line-para-curso-que-ensinara-tecnicas-de-bordado\/","title":{"rendered":"Funss abre inscri\u00e7\u00f5es on-line para curso que ensinar\u00e1 t\u00e9cnicas de bordado"},"content":{"rendered":"\n<p>O Fundo Social de Solidariedade de Jundia\u00ed (Funss) abrir\u00e1, neste s\u00e1bado (17), a partir das 9h, inscri\u00e7\u00f5es on-line para o curso presencial \u2018Bordando e Tecendo a Arte no Meio Rural\u2019. A capacita\u00e7\u00e3o ser\u00e1 realizada em parceria com o Servi\u00e7o Nacional de Aprendizagem Rural (SENAR). As inscri\u00e7\u00f5es poder\u00e3o ser feitas pela internet at\u00e9 o preenchimento de todas as vagas, por meio do link:&nbsp;<a href=\"https:\/\/forms.gle\/DZ8WoWEwZmQ3V7rU6\">https:\/\/forms.gle\/DZ8WoWEwZmQ3V7rU6<\/a>.<\/p>\n\n\n\n<figure class=\"wp-block-image size-large\"><img loading=\"lazy\" decoding=\"async\" width=\"1200\" height=\"817\" src=\"https:\/\/tvtecjundiai.com.br\/news\/wp-content\/uploads\/sites\/2\/2021\/07\/funss_inscricoes-1200x817.jpg\" alt=\"\" class=\"wp-image-79366\" srcset=\"https:\/\/tvtecjundiai.com.br\/news\/wp-content\/uploads\/sites\/2\/2021\/07\/funss_inscricoes-1200x817.jpg 1200w, https:\/\/tvtecjundiai.com.br\/news\/wp-content\/uploads\/sites\/2\/2021\/07\/funss_inscricoes-300x204.jpg 300w, https:\/\/tvtecjundiai.com.br\/news\/wp-content\/uploads\/sites\/2\/2021\/07\/funss_inscricoes-768x523.jpg 768w, https:\/\/tvtecjundiai.com.br\/news\/wp-content\/uploads\/sites\/2\/2021\/07\/funss_inscricoes.jpg 1280w\" sizes=\"auto, (max-width: 1200px) 100vw, 1200px\" \/><\/figure>\n\n\n\n<p>Ao todo, ser\u00e3o disponibilizadas 15 vagas gratuitas. Poder\u00e3o participar pessoas a partir de 14 anos e que sejam alfabetizadas. O crit\u00e9rio de preenchimento das vagas \u00e9 a ordem de envio do formul\u00e1rio, que considera hora, minuto e segundo. Os nomes dos alunos matriculados ser\u00e3o divulgados no site da Prefeitura de Jundia\u00ed e dados detalhados ser\u00e3o repassados por meio do contato de WhatsApp informado no ato da inscri\u00e7\u00e3o. As fichas n\u00e3o contempladas est\u00e3o, automaticamente, na lista de espera e poder\u00e3o ser convocadas em caso de desist\u00eancia.<\/p>\n\n\n\n<p>Veja o cronograma:<\/p>\n\n\n\n<p><strong>Curso: Bordando e Tecendo a Arte no Meio Rural<\/strong><\/p>\n\n\n\n<p>Parceiro: SENAR<\/p>\n\n\n\n<p>Data: 02\/08 \u00e0 17\/12\/2021 (3 m\u00f3dulos)<\/p>\n\n\n\n<p>Hor\u00e1rio: 13h \u00e0s 17h<\/p>\n\n\n\n<p>Dias: Segundas, Quartas e Sextas-feiras<\/p>\n\n\n\n<p>Local: Fundo Social<\/p>\n\n\n\n<p>Vagas: 15 vagas<\/p>\n\n\n\n<p>Idade m\u00ednima: 14 anos e ser alfabetizado<\/p>\n\n\n\n<p>O curso presencial \u2018Bordando e Tecendo a Arte no Meio Rural\u2019 ser\u00e1 realizado na sede do Fundo Social, dentro do Parque da Uva. O acesso \u00e9 pela avenida Dona Manoela Lacerda de Vergueiro, s\/n, port\u00e3o 03, bairro Anhangaba\u00fa. O funcionamento da unidade \u00e9 de segunda a sexta-feira, das 8h \u00e0s 17h, exceto feriados. Informa\u00e7\u00f5es: (11) 4521-2762, 4521-2929 e 4521-6833.<\/p>\n\n\n\n<p><em>(Texto\/Imagem: Prefeitura de Jundia\u00ed)<\/em><\/p>\n","protected":false},"excerpt":{"rendered":"<p>As inscri\u00e7\u00f5es acontecem neste s\u00e1bado (17), a partir das 9h, pela internet<\/p>\n","protected":false},"author":28,"featured_media":79366,"comment_status":"closed","ping_status":"closed","sticky":false,"template":"","format":"standard","meta":{"footnotes":""},"categories":[8356,1],"tags":[],"class_list":["post-79365","post","type-post","status-publish","format-standard","has-post-thumbnail","hentry","category-jundiai","category-noticias"],"_links":{"self":[{"href":"https:\/\/tvtecjundiai.com.br\/news\/wp-json\/wp\/v2\/posts\/79365","targetHints":{"allow":["GET"]}}],"collection":[{"href":"https:\/\/tvtecjundiai.com.br\/news\/wp-json\/wp\/v2\/posts"}],"about":[{"href":"https:\/\/tvtecjundiai.com.br\/news\/wp-json\/wp\/v2\/types\/post"}],"author":[{"embeddable":true,"href":"https:\/\/tvtecjundiai.com.br\/news\/wp-json\/wp\/v2\/users\/28"}],"replies":[{"embeddable":true,"href":"https:\/\/tvtecjundiai.com.br\/news\/wp-json\/wp\/v2\/comments?post=79365"}],"version-history":[{"count":1,"href":"https:\/\/tvtecjundiai.com.br\/news\/wp-json\/wp\/v2\/posts\/79365\/revisions"}],"predecessor-version":[{"id":79367,"href":"https:\/\/tvtecjundiai.com.br\/news\/wp-json\/wp\/v2\/posts\/79365\/revisions\/79367"}],"wp:featuredmedia":[{"embeddable":true,"href":"https:\/\/tvtecjundiai.com.br\/news\/wp-json\/wp\/v2\/media\/79366"}],"wp:attachment":[{"href":"https:\/\/tvtecjundiai.com.br\/news\/wp-json\/wp\/v2\/media?parent=79365"}],"wp:term":[{"taxonomy":"category","embeddable":true,"href":"https:\/\/tvtecjundiai.com.br\/news\/wp-json\/wp\/v2\/categories?post=79365"},{"taxonomy":"post_tag","embeddable":true,"href":"https:\/\/tvtecjundiai.com.br\/news\/wp-json\/wp\/v2\/tags?post=79365"}],"curies":[{"name":"wp","href":"https:\/\/api.w.org\/{rel}","templated":true}]}}