{"id":79368,"date":"2021-07-16T16:21:01","date_gmt":"2021-07-16T19:21:01","guid":{"rendered":"https:\/\/tvtecjundiai.com.br\/news\/?p=79368"},"modified":"2021-07-16T16:21:05","modified_gmt":"2021-07-16T19:21:05","slug":"com-mutirao-debea-castra-mais-de-90-caes-e-gatos-em-jundiai","status":"publish","type":"post","link":"https:\/\/tvtecjundiai.com.br\/news\/2021\/07\/16\/com-mutirao-debea-castra-mais-de-90-caes-e-gatos-em-jundiai\/","title":{"rendered":"Com mutir\u00e3o, Debea castra mais de 90 c\u00e3es e gatos em Jundia\u00ed"},"content":{"rendered":"\n<p>Claudineia Miguel da Rosa e a filha Lorena levaram os gatos Miu e Fuma\u00e7a e os cachorros Valente e Xang\u00f4 para a castra\u00e7\u00e3o na manh\u00e3 desta sexta-feira (16), promovida pelo Debea (Departamento de Bem-Estar Animal), \u00f3rg\u00e3o ligado \u00e0 Unidade de Gest\u00e3o de Planejamento Urbano e Meio Ambiente (UGPUMA) da Prefeitura de Jundia\u00ed. Nesta a\u00e7\u00e3o, foram priorizados os tutores que t\u00eam tanto c\u00e3es como gatos sob sua responsabilidade, uma maneira de otimizar o atendimento. Ao todo, passaram pela castra\u00e7\u00e3o 48 gatos e 45 c\u00e3es.<\/p>\n\n\n\n<p>Tutora de seis c\u00e3es e oito gatos, Claudineia entende a import\u00e2ncia da castra\u00e7\u00e3o. \u201cMoro em s\u00edtio e sabemos que o procedimento \u00e9 de extrema import\u00e2ncia para os nossos animais, al\u00e9m de promover o controle da natalidade\u201d, afirmou a mun\u00edcipe.<\/p>\n\n\n\n<figure class=\"wp-block-image size-large\"><img loading=\"lazy\" decoding=\"async\" width=\"1200\" height=\"801\" src=\"https:\/\/tvtecjundiai.com.br\/news\/wp-content\/uploads\/sites\/2\/2021\/07\/castracao_debea-20-1200x801.jpg\" alt=\"\" class=\"wp-image-79369\" srcset=\"https:\/\/tvtecjundiai.com.br\/news\/wp-content\/uploads\/sites\/2\/2021\/07\/castracao_debea-20-1200x801.jpg 1200w, https:\/\/tvtecjundiai.com.br\/news\/wp-content\/uploads\/sites\/2\/2021\/07\/castracao_debea-20-300x200.jpg 300w, https:\/\/tvtecjundiai.com.br\/news\/wp-content\/uploads\/sites\/2\/2021\/07\/castracao_debea-20-768x512.jpg 768w, https:\/\/tvtecjundiai.com.br\/news\/wp-content\/uploads\/sites\/2\/2021\/07\/castracao_debea-20.jpg 1280w\" sizes=\"auto, (max-width: 1200px) 100vw, 1200px\" \/><figcaption>Claudineia levou os gatos Miu e Fuma\u00e7a e os cachorros Xang\u00f4 e Valente para a castra\u00e7\u00e3o<\/figcaption><\/figure>\n\n\n\n<p>O casal Julia Vaccari Munhoz Lemos e Matheus de Oliveira Lemos tamb\u00e9m aproveitou a a\u00e7\u00e3o para levar os animais de estima\u00e7\u00e3o Yuki, Pluto e o mais novo integrante da fam\u00edlia, o gato Max, que foi adotado no final de 2020. \u201cEstou gr\u00e1vida e entendemos que a castra\u00e7\u00e3o \u00e9 importante para a sa\u00fade dos animais, al\u00e9m de acreditarmos que ajudar\u00e1 na quest\u00e3o comportamental do Max, que ser\u00e1 importante com a chegada do beb\u00ea\u201d, afirmou Julia que est\u00e1 gr\u00e1vida de 7 meses.<\/p>\n\n\n\n<p>O procedimento cir\u00fargico \u00e9 realizado gratuitamente pelo Debea. A tutora Amanda Godinho Bello tem cinco gatos e hoje levou as duas gatas que faltavam passar pela castra\u00e7\u00e3o. \u201cConseguir o procedimento sem custo foi importante. N\u00e3o tem como deixar o animal sem castrar, pois eles acabam ficando mais agitados e na tentativa de ter acesso \u00e0 rua, o que \u00e9 perigoso para os gatos\u201d, comentou.\u00a0<\/p>\n\n\n\n<figure class=\"wp-block-image size-large\"><img loading=\"lazy\" decoding=\"async\" width=\"1200\" height=\"801\" src=\"https:\/\/tvtecjundiai.com.br\/news\/wp-content\/uploads\/sites\/2\/2021\/07\/castracao_debea-52-1200x801.jpg\" alt=\"\" class=\"wp-image-79370\" srcset=\"https:\/\/tvtecjundiai.com.br\/news\/wp-content\/uploads\/sites\/2\/2021\/07\/castracao_debea-52-1200x801.jpg 1200w, https:\/\/tvtecjundiai.com.br\/news\/wp-content\/uploads\/sites\/2\/2021\/07\/castracao_debea-52-300x200.jpg 300w, https:\/\/tvtecjundiai.com.br\/news\/wp-content\/uploads\/sites\/2\/2021\/07\/castracao_debea-52-768x512.jpg 768w, https:\/\/tvtecjundiai.com.br\/news\/wp-content\/uploads\/sites\/2\/2021\/07\/castracao_debea-52.jpg 1280w\" sizes=\"auto, (max-width: 1200px) 100vw, 1200px\" \/><figcaption>Amanda lembra que a castra\u00e7\u00e3o \u00e9 importante para a sa\u00fade e comportamento dos gatos<\/figcaption><\/figure>\n\n\n\n<p>Os tutores de c\u00e3es e gatos interessados em castrar seus bichos de estima\u00e7\u00e3o podem fazer o cadastro pelo&nbsp;<a href=\"https:\/\/jundiai.sp.gov.br\/planejamento-e-meio-ambiente\/departamento-do-bem-estar-animal\/coordenadora\/cadastro-de-animais-para-castracao\">site<\/a>&nbsp;da Prefeitura de Jundia\u00ed ou pelo aplicativo de celular APP Jundia\u00ed, no servi\u00e7o Cadastro de Animais para Castra\u00e7\u00e3o. Podem ser inscritos f\u00eameas e machos de c\u00e3es e gatos com idade entre tr\u00eas meses e oito anos e mais de um quilo.&nbsp;&nbsp;<\/p>\n\n\n\n<p>Ap\u00f3s o cadastro, o tutor deve ficar atento ao contato do Debea. A\u00a0<a href=\"https:\/\/jundiai.sp.gov.br\/planejamento-e-meio-ambiente\/departamento-do-bem-estar-animal\/coordenadora\/lista-para-castracao\/\">lista<\/a>\u00a0com o nome dos inscritos fica dispon\u00edvel no site da Prefeitura de Jundia\u00ed e \u00e9 atualizada bimestralmente. Tamb\u00e9m \u00e9 importante estar atento \u00e0 liga\u00e7\u00e3o do Departamento. Para mais informa\u00e7\u00f5es, os tutores podem entrar em contato com o Debea pelo 4582-2649.<\/p>\n\n\n\n<p><em>(Texto\/Imagem: Prefeitura de Jundia\u00ed)<\/em><\/p>\n","protected":false},"excerpt":{"rendered":"<p>Nesta a\u00e7\u00e3o, foram priorizados os tutores que t\u00eam tanto c\u00e3es como gatos sob sua responsabilidade<\/p>\n","protected":false},"author":28,"featured_media":79371,"comment_status":"closed","ping_status":"closed","sticky":false,"template":"","format":"standard","meta":{"footnotes":""},"categories":[8356,1],"tags":[],"class_list":["post-79368","post","type-post","status-publish","format-standard","has-post-thumbnail","hentry","category-jundiai","category-noticias"],"_links":{"self":[{"href":"https:\/\/tvtecjundiai.com.br\/news\/wp-json\/wp\/v2\/posts\/79368","targetHints":{"allow":["GET"]}}],"collection":[{"href":"https:\/\/tvtecjundiai.com.br\/news\/wp-json\/wp\/v2\/posts"}],"about":[{"href":"https:\/\/tvtecjundiai.com.br\/news\/wp-json\/wp\/v2\/types\/post"}],"author":[{"embeddable":true,"href":"https:\/\/tvtecjundiai.com.br\/news\/wp-json\/wp\/v2\/users\/28"}],"replies":[{"embeddable":true,"href":"https:\/\/tvtecjundiai.com.br\/news\/wp-json\/wp\/v2\/comments?post=79368"}],"version-history":[{"count":1,"href":"https:\/\/tvtecjundiai.com.br\/news\/wp-json\/wp\/v2\/posts\/79368\/revisions"}],"predecessor-version":[{"id":79372,"href":"https:\/\/tvtecjundiai.com.br\/news\/wp-json\/wp\/v2\/posts\/79368\/revisions\/79372"}],"wp:featuredmedia":[{"embeddable":true,"href":"https:\/\/tvtecjundiai.com.br\/news\/wp-json\/wp\/v2\/media\/79371"}],"wp:attachment":[{"href":"https:\/\/tvtecjundiai.com.br\/news\/wp-json\/wp\/v2\/media?parent=79368"}],"wp:term":[{"taxonomy":"category","embeddable":true,"href":"https:\/\/tvtecjundiai.com.br\/news\/wp-json\/wp\/v2\/categories?post=79368"},{"taxonomy":"post_tag","embeddable":true,"href":"https:\/\/tvtecjundiai.com.br\/news\/wp-json\/wp\/v2\/tags?post=79368"}],"curies":[{"name":"wp","href":"https:\/\/api.w.org\/{rel}","templated":true}]}}