{"id":79377,"date":"2021-07-16T17:02:01","date_gmt":"2021-07-16T20:02:01","guid":{"rendered":"https:\/\/tvtecjundiai.com.br\/news\/?p=79377"},"modified":"2021-07-16T17:02:10","modified_gmt":"2021-07-16T20:02:10","slug":"hospital-sao-vicente-chega-a-3-mil-altas-de-pacientes-covid-19","status":"publish","type":"post","link":"https:\/\/tvtecjundiai.com.br\/news\/2021\/07\/16\/hospital-sao-vicente-chega-a-3-mil-altas-de-pacientes-covid-19\/","title":{"rendered":"Hospital S\u00e3o Vicente chega a 3 mil altas de pacientes COVID-19"},"content":{"rendered":"\n<p>Esta sexta-feira, 16, ser\u00e1 lembrada como uma data especial para o empres\u00e1rio Vagner Reis Franca, 49 anos, que recebeu alta do Hospital de Caridade S\u00e3o Vicente de Paulo (HSV) ap\u00f3s interna\u00e7\u00e3o devido \u00e0 COVID-19. Ele \u00e9 o paciente de n\u00famero 3 mil que recebe alta na institui\u00e7\u00e3o devido ao coronav\u00edrus. O momento \u00e9 de comemora\u00e7\u00e3o para ele, para a fam\u00edlia e para os profissionais que atuam na linha de frente. Na despedida do HSV, ele recebeu o \u201cCertificado de Bravura\u201d, que simboliza este momento de supera\u00e7\u00e3o.<\/p>\n\n\n\n<p>A esposa V\u00e2nia Silveira relata que no in\u00edcio dos sintomas, ele relutou em ir ao hospital. \u201cEle realmente ficou mal, com dificuldade de respirar, dores no peito e n\u00e3o queria vir para o hospital. Achou que pudesse ser rea\u00e7\u00e3o da vacina que ele tinha tomado dias antes. Insisti, coloquei ele no carro e no mesmo dia ele foi internado\u201d, conta ela.<\/p>\n\n\n\n<figure class=\"wp-block-image size-large\"><img loading=\"lazy\" decoding=\"async\" width=\"1100\" height=\"960\" src=\"https:\/\/tvtecjundiai.com.br\/news\/wp-content\/uploads\/sites\/2\/2021\/07\/WhatsApp-Image-2021-07-16-at-16.54.13-1100x960.jpeg\" alt=\"\" class=\"wp-image-79378\" srcset=\"https:\/\/tvtecjundiai.com.br\/news\/wp-content\/uploads\/sites\/2\/2021\/07\/WhatsApp-Image-2021-07-16-at-16.54.13-1100x960.jpeg 1100w, https:\/\/tvtecjundiai.com.br\/news\/wp-content\/uploads\/sites\/2\/2021\/07\/WhatsApp-Image-2021-07-16-at-16.54.13-300x262.jpeg 300w, https:\/\/tvtecjundiai.com.br\/news\/wp-content\/uploads\/sites\/2\/2021\/07\/WhatsApp-Image-2021-07-16-at-16.54.13-768x670.jpeg 768w, https:\/\/tvtecjundiai.com.br\/news\/wp-content\/uploads\/sites\/2\/2021\/07\/WhatsApp-Image-2021-07-16-at-16.54.13.jpeg 1263w\" sizes=\"auto, (max-width: 1100px) 100vw, 1100px\" \/><figcaption>Sr. Vagner, paciente de n\u00famero 3.000 a receber alta COVID-19 no HSV<\/figcaption><\/figure>\n\n\n\n<p>Vagner que mora em Jundia\u00ed, ficou poucos dias internado, deu entrada no dia 14, mas o suficiente para agradecer por este momento de supera\u00e7\u00e3o e entender a import\u00e2ncia de recorrer aos servi\u00e7os de sa\u00fade. \u201cTodos me trataram muito bem aqui. Hoje eu fiquei um pouco mais apreensivo, foi necess\u00e1rio entubar um paciente que estava no meu quarto\u201d, descreve ele sobre o momento tenso que vivenciou.<\/p>\n\n\n\n<p>\u201cGra\u00e7as a Deus tudo ocorreu bem. S\u00f3 posso agradecer a todos pela ajuda, s\u00e3o uns anjos, \u2018gente fina\u2019 demais, tanto os m\u00e9dicos, como os enfermeiros\u201d, finaliza aliviado.<\/p>\n\n\n\n<p><em>(Texto\/Imagem: Assessoria de Imprensa)<\/em><\/p>\n","protected":false},"excerpt":{"rendered":"<p>Vagner Reis Franca foi o paciente de n\u00famero 3.000 a receber alta COVID-19 no HSV<\/p>\n","protected":false},"author":28,"featured_media":79378,"comment_status":"closed","ping_status":"closed","sticky":false,"template":"","format":"standard","meta":{"footnotes":""},"categories":[8356,1],"tags":[],"class_list":["post-79377","post","type-post","status-publish","format-standard","has-post-thumbnail","hentry","category-jundiai","category-noticias"],"_links":{"self":[{"href":"https:\/\/tvtecjundiai.com.br\/news\/wp-json\/wp\/v2\/posts\/79377","targetHints":{"allow":["GET"]}}],"collection":[{"href":"https:\/\/tvtecjundiai.com.br\/news\/wp-json\/wp\/v2\/posts"}],"about":[{"href":"https:\/\/tvtecjundiai.com.br\/news\/wp-json\/wp\/v2\/types\/post"}],"author":[{"embeddable":true,"href":"https:\/\/tvtecjundiai.com.br\/news\/wp-json\/wp\/v2\/users\/28"}],"replies":[{"embeddable":true,"href":"https:\/\/tvtecjundiai.com.br\/news\/wp-json\/wp\/v2\/comments?post=79377"}],"version-history":[{"count":1,"href":"https:\/\/tvtecjundiai.com.br\/news\/wp-json\/wp\/v2\/posts\/79377\/revisions"}],"predecessor-version":[{"id":79379,"href":"https:\/\/tvtecjundiai.com.br\/news\/wp-json\/wp\/v2\/posts\/79377\/revisions\/79379"}],"wp:featuredmedia":[{"embeddable":true,"href":"https:\/\/tvtecjundiai.com.br\/news\/wp-json\/wp\/v2\/media\/79378"}],"wp:attachment":[{"href":"https:\/\/tvtecjundiai.com.br\/news\/wp-json\/wp\/v2\/media?parent=79377"}],"wp:term":[{"taxonomy":"category","embeddable":true,"href":"https:\/\/tvtecjundiai.com.br\/news\/wp-json\/wp\/v2\/categories?post=79377"},{"taxonomy":"post_tag","embeddable":true,"href":"https:\/\/tvtecjundiai.com.br\/news\/wp-json\/wp\/v2\/tags?post=79377"}],"curies":[{"name":"wp","href":"https:\/\/api.w.org\/{rel}","templated":true}]}}