{"id":79382,"date":"2021-07-16T17:41:16","date_gmt":"2021-07-16T20:41:16","guid":{"rendered":"https:\/\/tvtecjundiai.com.br\/news\/?p=79382"},"modified":"2021-07-16T17:41:20","modified_gmt":"2021-07-16T20:41:20","slug":"inscricoes-de-trabalhos-para-o-simposio-sobre-o-patrimonio-vao-ate-a-proxima-terca-20","status":"publish","type":"post","link":"https:\/\/tvtecjundiai.com.br\/news\/2021\/07\/16\/inscricoes-de-trabalhos-para-o-simposio-sobre-o-patrimonio-vao-ate-a-proxima-terca-20\/","title":{"rendered":"Inscri\u00e7\u00f5es de trabalhos para o Simp\u00f3sio sobre o Patrim\u00f4nio v\u00e3o at\u00e9 a pr\u00f3xima ter\u00e7a (20)"},"content":{"rendered":"\n<p>Professores, pesquisadores, estudantes e demais acad\u00eamicos t\u00eam at\u00e9 a pr\u00f3xima ter\u00e7a-feira (20) para enviar os resumos de seus trabalhos para o Simp\u00f3sio sobre o Patrim\u00f4nio Material e Imaterial. Este ano, o Simp\u00f3sio chega \u00e0 sua 9\u00aa edi\u00e7\u00e3o e ser\u00e1 realizado entre os dias 25 e 28 de agosto, como parte da programa\u00e7\u00e3o do&nbsp;<a rel=\"noreferrer noopener\" href=\"https:\/\/cultura.jundiai.sp.gov.br\/mesdopatrimonio\/\" target=\"_blank\">M\u00eas do Patrim\u00f4nio Hist\u00f3rico e Cultural 2021<\/a>, uma realiza\u00e7\u00e3o da Unidade de Gest\u00e3o de Cultura (UGC).<\/p>\n\n\n\n<p>Os interessados devem submeter os resumos dos trabalhos pela&nbsp;<a href=\"https:\/\/www.even3.com.br\/simposiopatrimoniojundiai\/\" target=\"_blank\" rel=\"noreferrer noopener\">plataforma Even3<\/a>.<\/p>\n\n\n\n<p>O tema do simp\u00f3sio este ano \u00e9 \u201cTurismo, territ\u00f3rio e educa\u00e7\u00e3o patrimonial: desafios no contexto da pandemia da Covid-19\u2033 e sua programa\u00e7\u00e3o ser\u00e1 divindade nos seguintes eixos tem\u00e1ticos: Educa\u00e7\u00e3o Patrimonial, Cultura e Trabalho; Planejamento Territorial e o Direito \u00e0 cidade; e Turismo Cultural e Patrim\u00f4nio com as discuss\u00f5es acad\u00eamicas acontecendo por meio de webconfer\u00eancias.<\/p>\n\n\n\n<p>As palestras, mesas redondas e webconfer\u00eancias ser\u00e3o realizadas de modo on-line e transmitidas pelos canais da Cultura no Facebook e YouTube. A programa\u00e7\u00e3o encerra-se no s\u00e1bado, 28 de agosto, no per\u00edodo da manh\u00e3, com uma visita t\u00e9cnica \u00e0 Casa Rosa de Jundia\u00ed, que integra o Invent\u00e1rio de Prote\u00e7\u00e3o do Patrim\u00f4nio Art\u00edstico e Cultural de Jundia\u00ed (IPPAC).<\/p>\n\n\n\n<p>O Simp\u00f3sio \u00e9 uma realiza\u00e7\u00e3o da UGC em parceria com o Centro Paula Souza, a Fatec de Itu Dom Amaury Castanho e a Fatec Jundia\u00ed Deputado Ary Fossen.<\/p>\n\n\n\n<figure class=\"wp-block-image size-large\"><img loading=\"lazy\" decoding=\"async\" width=\"1200\" height=\"800\" src=\"https:\/\/tvtecjundiai.com.br\/news\/wp-content\/uploads\/sites\/2\/2021\/07\/mes_patrimonio-1200x800.jpg\" alt=\"\" class=\"wp-image-79383\" srcset=\"https:\/\/tvtecjundiai.com.br\/news\/wp-content\/uploads\/sites\/2\/2021\/07\/mes_patrimonio-1200x800.jpg 1200w, https:\/\/tvtecjundiai.com.br\/news\/wp-content\/uploads\/sites\/2\/2021\/07\/mes_patrimonio-300x200.jpg 300w, https:\/\/tvtecjundiai.com.br\/news\/wp-content\/uploads\/sites\/2\/2021\/07\/mes_patrimonio-768x512.jpg 768w, https:\/\/tvtecjundiai.com.br\/news\/wp-content\/uploads\/sites\/2\/2021\/07\/mes_patrimonio.jpg 1280w\" sizes=\"auto, (max-width: 1200px) 100vw, 1200px\" \/><figcaption>Simp\u00f3sio faz parte da programa\u00e7\u00e3o do M\u00eas do Patrim\u00f4nio (Foto feita antes da pandemia)<\/figcaption><\/figure>\n\n\n\n<p><strong>M\u00eas do Patrim\u00f4nio<\/strong><br>Institu\u00eddo como parte do calend\u00e1rio municipal de eventos por meio da lei 9.279\/2019, o M\u00eas do Patrim\u00f4nio ir\u00e1 trazer, al\u00e9m do Simp\u00f3sio, uma programa\u00e7\u00e3o diversificada de atividades presenciais e remotas, entre os dias 01 e 31 de agosto.<\/p>\n\n\n\n<p>A abertura, logo no dia 01 de agosto (domingo), ficar\u00e1 por conta de uma apresenta\u00e7\u00e3o art\u00edstica da reabertura do Teatro Polytheama, com um espet\u00e1culo da Cia. Jovem de Dan\u00e7a e uma apresenta\u00e7\u00e3o com artistas locais em alus\u00e3o ao patrim\u00f4nio cultural imaterial.<\/p>\n\n\n\n<p>Toda a programa\u00e7\u00e3o do M\u00eas do Patrim\u00f4nio e do Simp\u00f3sio poder\u00e1 ser consultada no\u00a0<a rel=\"noreferrer noopener\" href=\"https:\/\/cultura.jundiai.sp.gov.br\/mesdopatrimonio\/\" target=\"_blank\">site do evento<\/a>.<\/p>\n\n\n\n<p><em>(Texto\/Imagem: Prefeitura de Jundia\u00ed)<\/em><\/p>\n","protected":false},"excerpt":{"rendered":"<p>Este ano, o Simp\u00f3sio chega \u00e0 sua 9\u00aa edi\u00e7\u00e3o e ser\u00e1 realizado entre os dias 25 e 28 de agosto<\/p>\n","protected":false},"author":28,"featured_media":79383,"comment_status":"closed","ping_status":"closed","sticky":false,"template":"","format":"standard","meta":{"footnotes":""},"categories":[8356,1],"tags":[],"class_list":["post-79382","post","type-post","status-publish","format-standard","has-post-thumbnail","hentry","category-jundiai","category-noticias"],"_links":{"self":[{"href":"https:\/\/tvtecjundiai.com.br\/news\/wp-json\/wp\/v2\/posts\/79382","targetHints":{"allow":["GET"]}}],"collection":[{"href":"https:\/\/tvtecjundiai.com.br\/news\/wp-json\/wp\/v2\/posts"}],"about":[{"href":"https:\/\/tvtecjundiai.com.br\/news\/wp-json\/wp\/v2\/types\/post"}],"author":[{"embeddable":true,"href":"https:\/\/tvtecjundiai.com.br\/news\/wp-json\/wp\/v2\/users\/28"}],"replies":[{"embeddable":true,"href":"https:\/\/tvtecjundiai.com.br\/news\/wp-json\/wp\/v2\/comments?post=79382"}],"version-history":[{"count":1,"href":"https:\/\/tvtecjundiai.com.br\/news\/wp-json\/wp\/v2\/posts\/79382\/revisions"}],"predecessor-version":[{"id":79384,"href":"https:\/\/tvtecjundiai.com.br\/news\/wp-json\/wp\/v2\/posts\/79382\/revisions\/79384"}],"wp:featuredmedia":[{"embeddable":true,"href":"https:\/\/tvtecjundiai.com.br\/news\/wp-json\/wp\/v2\/media\/79383"}],"wp:attachment":[{"href":"https:\/\/tvtecjundiai.com.br\/news\/wp-json\/wp\/v2\/media?parent=79382"}],"wp:term":[{"taxonomy":"category","embeddable":true,"href":"https:\/\/tvtecjundiai.com.br\/news\/wp-json\/wp\/v2\/categories?post=79382"},{"taxonomy":"post_tag","embeddable":true,"href":"https:\/\/tvtecjundiai.com.br\/news\/wp-json\/wp\/v2\/tags?post=79382"}],"curies":[{"name":"wp","href":"https:\/\/api.w.org\/{rel}","templated":true}]}}