{"id":79401,"date":"2021-07-17T14:10:27","date_gmt":"2021-07-17T17:10:27","guid":{"rendered":"https:\/\/tvtecjundiai.com.br\/news\/?p=79401"},"modified":"2021-07-17T14:10:28","modified_gmt":"2021-07-17T17:10:28","slug":"covid-19-vacinacao-em-jundiai-prossegue-com-aplicacao-de-primeira-e-segunda-dose","status":"publish","type":"post","link":"https:\/\/tvtecjundiai.com.br\/news\/2021\/07\/17\/covid-19-vacinacao-em-jundiai-prossegue-com-aplicacao-de-primeira-e-segunda-dose\/","title":{"rendered":"Covid-19: Vacina\u00e7\u00e3o em Jundia\u00ed prossegue com aplica\u00e7\u00e3o de primeira e segunda dose"},"content":{"rendered":"\n<p>A manh\u00e3 de s\u00e1bado (17) come\u00e7ou com tempo nublado, garoa fina e temperatura mais baixa, mas esses n\u00e3o foram motivos que desanimaram Bruno Puliesi, 38 anos, para tomar a sua primeira dose do imunizante contra a Covid-19 na nova UBS do Jardim do Lago. \u201cA vacina \u00e9 muito importante e n\u00e3o tem dia para ser tomada. Estou feliz por estar sendo vacinado\u201d, afirmou.<\/p>\n\n\n\n<div class=\"wp-block-image\"><figure class=\"alignright size-medium is-resized\"><a href=\"https:\/\/tvtecjundiai.com.br\/news\/wp-content\/uploads\/sites\/2\/2021\/07\/vacinacao-covid_parque-da-uva-21.jpg\"><img loading=\"lazy\" decoding=\"async\" src=\"https:\/\/tvtecjundiai.com.br\/news\/wp-content\/uploads\/sites\/2\/2021\/07\/vacinacao-covid_parque-da-uva-21-300x200.jpg\" alt=\"\" class=\"wp-image-79402\" width=\"507\" height=\"338\" srcset=\"https:\/\/tvtecjundiai.com.br\/news\/wp-content\/uploads\/sites\/2\/2021\/07\/vacinacao-covid_parque-da-uva-21-300x200.jpg 300w, https:\/\/tvtecjundiai.com.br\/news\/wp-content\/uploads\/sites\/2\/2021\/07\/vacinacao-covid_parque-da-uva-21-1200x800.jpg 1200w, https:\/\/tvtecjundiai.com.br\/news\/wp-content\/uploads\/sites\/2\/2021\/07\/vacinacao-covid_parque-da-uva-21-768x512.jpg 768w, https:\/\/tvtecjundiai.com.br\/news\/wp-content\/uploads\/sites\/2\/2021\/07\/vacinacao-covid_parque-da-uva-21.jpg 1280w\" sizes=\"auto, (max-width: 507px) 100vw, 507px\" \/><\/a><figcaption>Maria comemorou a segunda dose da vacina<\/figcaption><\/figure><\/div>\n\n\n\n<p>No Parque da Uva, a alegria tamb\u00e9m foi contagiante, aos 67 anos, Maria de F\u00e1tima Miguel comemorou o recebimento da segunda dose da vacina contra a Covid-19. \u201cEstou feliz com a segunda dose, estava aguardando. A minha fam\u00edlia j\u00e1 come\u00e7ou a ser vacinada e \u00e9 um al\u00edvio\u201d, contou.<\/p>\n\n\n\n<p>Neste s\u00e1bado, Jundia\u00ed vacinou pessoas 38 e 39 anos com a primeira dose e segunda dose para idosos, gestantes e pu\u00e9rperas em diversos postos de vacina\u00e7\u00e3o.<\/p>\n\n\n\n<p>Tiago Marcel Cacosi fez o agendamento pelos canais digitais da Prefeitura e recebeu a primeira dose da vacina. \u201cEstava ansioso por esse momento. Estou feliz por ter recebido a vacina e orgulhoso por Jundia\u00ed avan\u00e7ar rapidamente com a imuniza\u00e7\u00e3o da popula\u00e7\u00e3o\u201d, declarou.<\/p>\n\n\n\n<p>Na \u00faltima sexta-feira (16), o munic\u00edpio retirou o\u00a0 maior n\u00famero de doses da vacina contra a Covid-19. Foram 24 mil doses que ser\u00e3o destinadas para os p\u00fablicos de 37 a 34 anos e segunda dose para idoso com 63 anos que receberam a primeira aplica\u00e7\u00e3o nos dias 29 e 30 de abril. O agendamento permanece pelos canais digitais (Site e APP Jundia\u00ed). Para consultar o cronograma de agendamento escalonado, basta entrar no\u00a0<a href=\"https:\/\/vacina.jundiai.sp.gov.br\/agendamento\/?rand=784159899305\">site<\/a>.<\/p>\n\n\n\n<p><em>(Fonte\/Imagem: Prefeitura de Jundia\u00ed)<\/em><\/p>\n","protected":false},"excerpt":{"rendered":"<p>Para consultar o cronograma de agendamento, acesse o site da Prefeitura de Jundia\u00ed<\/p>\n","protected":false},"author":17,"featured_media":79403,"comment_status":"closed","ping_status":"closed","sticky":false,"template":"","format":"standard","meta":{"footnotes":""},"categories":[8356,1,2839],"tags":[],"class_list":["post-79401","post","type-post","status-publish","format-standard","has-post-thumbnail","hentry","category-jundiai","category-noticias","category-saude"],"_links":{"self":[{"href":"https:\/\/tvtecjundiai.com.br\/news\/wp-json\/wp\/v2\/posts\/79401","targetHints":{"allow":["GET"]}}],"collection":[{"href":"https:\/\/tvtecjundiai.com.br\/news\/wp-json\/wp\/v2\/posts"}],"about":[{"href":"https:\/\/tvtecjundiai.com.br\/news\/wp-json\/wp\/v2\/types\/post"}],"author":[{"embeddable":true,"href":"https:\/\/tvtecjundiai.com.br\/news\/wp-json\/wp\/v2\/users\/17"}],"replies":[{"embeddable":true,"href":"https:\/\/tvtecjundiai.com.br\/news\/wp-json\/wp\/v2\/comments?post=79401"}],"version-history":[{"count":1,"href":"https:\/\/tvtecjundiai.com.br\/news\/wp-json\/wp\/v2\/posts\/79401\/revisions"}],"predecessor-version":[{"id":79404,"href":"https:\/\/tvtecjundiai.com.br\/news\/wp-json\/wp\/v2\/posts\/79401\/revisions\/79404"}],"wp:featuredmedia":[{"embeddable":true,"href":"https:\/\/tvtecjundiai.com.br\/news\/wp-json\/wp\/v2\/media\/79403"}],"wp:attachment":[{"href":"https:\/\/tvtecjundiai.com.br\/news\/wp-json\/wp\/v2\/media?parent=79401"}],"wp:term":[{"taxonomy":"category","embeddable":true,"href":"https:\/\/tvtecjundiai.com.br\/news\/wp-json\/wp\/v2\/categories?post=79401"},{"taxonomy":"post_tag","embeddable":true,"href":"https:\/\/tvtecjundiai.com.br\/news\/wp-json\/wp\/v2\/tags?post=79401"}],"curies":[{"name":"wp","href":"https:\/\/api.w.org\/{rel}","templated":true}]}}