{"id":79421,"date":"2021-07-18T09:36:17","date_gmt":"2021-07-18T12:36:17","guid":{"rendered":"https:\/\/tvtecjundiai.com.br\/news\/?p=79421"},"modified":"2021-07-18T09:59:10","modified_gmt":"2021-07-18T12:59:10","slug":"menino-de-5-anos-ganha-farda-da-policia-militar-no-dia-do-seu-aniversario","status":"publish","type":"post","link":"https:\/\/tvtecjundiai.com.br\/news\/2021\/07\/18\/menino-de-5-anos-ganha-farda-da-policia-militar-no-dia-do-seu-aniversario\/","title":{"rendered":"Menino de 5 anos ganha farda da Pol\u00edcia Militar no dia do seu anivers\u00e1rio"},"content":{"rendered":"\n<div class=\"wp-block-image\"><figure class=\"alignright size-medium is-resized\"><a href=\"https:\/\/tvtecjundiai.com.br\/news\/wp-content\/uploads\/sites\/2\/2021\/07\/garoto-festa-pm.png\"><img loading=\"lazy\" decoding=\"async\" src=\"https:\/\/tvtecjundiai.com.br\/news\/wp-content\/uploads\/sites\/2\/2021\/07\/garoto-festa-pm-300x221.png\" alt=\"\" class=\"wp-image-79422\" width=\"479\" height=\"353\" srcset=\"https:\/\/tvtecjundiai.com.br\/news\/wp-content\/uploads\/sites\/2\/2021\/07\/garoto-festa-pm-300x221.png 300w, https:\/\/tvtecjundiai.com.br\/news\/wp-content\/uploads\/sites\/2\/2021\/07\/garoto-festa-pm-768x566.png 768w, https:\/\/tvtecjundiai.com.br\/news\/wp-content\/uploads\/sites\/2\/2021\/07\/garoto-festa-pm.png 850w\" sizes=\"auto, (max-width: 479px) 100vw, 479px\" \/><\/a><figcaption>Jo\u00e3o Pedro escolheu como tema de sua festa de 5 anos a Pol\u00edcia Militar<\/figcaption><\/figure><\/div>\n\n\n\n<p>Ao completar 5 anos de idade, neste dia 18 de julho, o garoto Jo\u00e3o Pedro que \u00e9 apaixonado pela Pol\u00edcia Militar recebeu em sua casa, no Jardim Ad\u00e9lia, em Jundia\u00ed, a visita de uma equipe da Pol\u00edcia Militar do 11\u00aa BPMI.<\/p>\n\n\n\n<p>O garoto foi presenteado com uma farda de policial. Jo\u00e3o Pedro ficou encantado com o presente e \u00e9 claro com a presen\u00e7a dos integrantes da PM. &#8220;Ele \u00e9 apaixonado pela Pol\u00edcia desde os dois anos de idade e sempre comenta que um dia vai ser policial&#8221; &#8211; disse a m\u00e3e dele, Nanda Aparecida.<\/p>\n\n\n\n<p>Durante a festinha de anivers\u00e1rio, Jo\u00e3o Pedro entrou na viatura e viu todos os equipamentos da pol\u00edcia, bateu contin\u00eancia e tirou muitas fotos com os amigos, como ele se refere aos policiais. &#8220;Eu quero ser policial&#8221; &#8211; disse o garoto.<\/p>\n\n\n\n<p>A m\u00e3e de Jo\u00e3o Pedro comentou que em breve ir\u00e1 levar o filho para conhecer o batalh\u00e3o da Pol\u00edcia Militar.<\/p>\n\n\n\n<p><em>Foto: Arquivo Pessoal <\/em><\/p>\n","protected":false},"excerpt":{"rendered":"<p>Jo\u00e3o Pedro sonha em ser policial e neste final de semana recebeu visita surpresa dos policiais<\/p>\n","protected":false},"author":24,"featured_media":79428,"comment_status":"closed","ping_status":"closed","sticky":false,"template":"","format":"standard","meta":{"footnotes":""},"categories":[8356,1,2824],"tags":[],"class_list":["post-79421","post","type-post","status-publish","format-standard","has-post-thumbnail","hentry","category-jundiai","category-noticias","category-variedades"],"_links":{"self":[{"href":"https:\/\/tvtecjundiai.com.br\/news\/wp-json\/wp\/v2\/posts\/79421","targetHints":{"allow":["GET"]}}],"collection":[{"href":"https:\/\/tvtecjundiai.com.br\/news\/wp-json\/wp\/v2\/posts"}],"about":[{"href":"https:\/\/tvtecjundiai.com.br\/news\/wp-json\/wp\/v2\/types\/post"}],"author":[{"embeddable":true,"href":"https:\/\/tvtecjundiai.com.br\/news\/wp-json\/wp\/v2\/users\/24"}],"replies":[{"embeddable":true,"href":"https:\/\/tvtecjundiai.com.br\/news\/wp-json\/wp\/v2\/comments?post=79421"}],"version-history":[{"count":5,"href":"https:\/\/tvtecjundiai.com.br\/news\/wp-json\/wp\/v2\/posts\/79421\/revisions"}],"predecessor-version":[{"id":79431,"href":"https:\/\/tvtecjundiai.com.br\/news\/wp-json\/wp\/v2\/posts\/79421\/revisions\/79431"}],"wp:featuredmedia":[{"embeddable":true,"href":"https:\/\/tvtecjundiai.com.br\/news\/wp-json\/wp\/v2\/media\/79428"}],"wp:attachment":[{"href":"https:\/\/tvtecjundiai.com.br\/news\/wp-json\/wp\/v2\/media?parent=79421"}],"wp:term":[{"taxonomy":"category","embeddable":true,"href":"https:\/\/tvtecjundiai.com.br\/news\/wp-json\/wp\/v2\/categories?post=79421"},{"taxonomy":"post_tag","embeddable":true,"href":"https:\/\/tvtecjundiai.com.br\/news\/wp-json\/wp\/v2\/tags?post=79421"}],"curies":[{"name":"wp","href":"https:\/\/api.w.org\/{rel}","templated":true}]}}