{"id":79451,"date":"2021-07-19T09:24:18","date_gmt":"2021-07-19T12:24:18","guid":{"rendered":"https:\/\/tvtecjundiai.com.br\/news\/?p=79451"},"modified":"2021-07-19T10:11:18","modified_gmt":"2021-07-19T13:11:18","slug":"som-das-ruas-projeto-leva-musica-para-pessoas-em-situacao-de-rua-em-jundiai","status":"publish","type":"post","link":"https:\/\/tvtecjundiai.com.br\/news\/2021\/07\/19\/som-das-ruas-projeto-leva-musica-para-pessoas-em-situacao-de-rua-em-jundiai\/","title":{"rendered":"&#8216;Som das Ruas&#8217;: projeto leva m\u00fasica para pessoas em situa\u00e7\u00e3o de rua em Jundia\u00ed"},"content":{"rendered":"\n<p>Levar m\u00fasica nacional e popular para pessoas em situa\u00e7\u00e3o de rua atrav\u00e9s de oficinas de apresenta\u00e7\u00f5es. Esta \u00e9 a inten\u00e7\u00e3o do projeto &#8220;Som das Ruas&#8221;, que foi colocado em pr\u00e1tica na cidade de Jundia\u00ed em janeiro deste ano.<\/p>\n\n\n\n<p>A iniciativa \u00e9 da institui\u00e7\u00e3o Servi\u00e7os de Obras Sociais (SOS) e foi idealizada pela terapeuta ocupacional e violinista Melina Nucci, junto com o psic\u00f3logo e violonista Anderson Mairink. Al\u00e9m dos idealizadores, a a\u00e7\u00e3o conta com a ajuda do cuidador e percussionista Jonatas Silva.<\/p>\n\n\n\n<p>O SOS atua como casa de passagem na cidade, acolhendo pessoas em situa\u00e7\u00e3o de vulnerabilidade e oferecendo servi\u00e7os de higiene, alimenta\u00e7\u00e3o, pernoites e acompanhamento multiprofissional, com o prop\u00f3sito de auxiliar na sa\u00edda das ruas.<\/p>\n\n\n\n<p>J\u00e1 o &#8220;Som das Ruas&#8221; acontece semanalmente, dentro do espa\u00e7o da pr\u00f3pria institui\u00e7\u00e3o e nos demais abrigos que comp\u00f5em a rede socioassistencial. Os acolhidos participam de atividades com instrumentos musicais, como viol\u00e3o, violino, tri\u00e2ngulo, pandeiro, tamborim, bloco sonoro e chocalhos.<\/p>\n\n\n\n<div class=\"wp-block-image\"><figure class=\"aligncenter size-large\"><img decoding=\"async\" src=\"https:\/\/tvtecjundiai.com.br\/news\/wp-content\/uploads\/sites\/2\/2021\/07\/foto-linosbrito-pediu-para-colocar-o-credito-.jpeg\" alt=\"\" class=\"wp-image-79452\" \/><figcaption>Projeto leva m\u00fasicas nacionais e populares para pessoas em situa\u00e7\u00e3o de vulnerabilidade em Jundia\u00ed<\/figcaption><\/figure><\/div>\n\n\n\n<p>Melina conta que s\u00e3o utilizados instrumentos dos pr\u00f3prios idealizadores. Parte das pe\u00e7as tamb\u00e9m \u00e9 emprestada por parceiros do servi\u00e7o e outras s\u00e3o adquiridas com verba proveniente da venda de artesanatos produzidos pelos usu\u00e1rios da casa de passagem.<\/p>\n\n\n\n<p>Segundo a idealizadora, aos poucos, o projeto est\u00e1 angariando recursos para a compra de mais instrumentos musicais.<\/p>\n\n\n\n<p>&#8220;Notamos a import\u00e2ncia de expandirmos as a\u00e7\u00f5es e de investirmos na aquisi\u00e7\u00e3o de mais instrumentos e materiais a fim de alcan\u00e7armos mais pessoas em vulnerabilidade social, pois observamos que a cultura, a arte e a m\u00fasica s\u00e3o capazes de impulsionar tais pessoas para uma mudan\u00e7a de vida atrav\u00e9s da pr\u00e1tica&#8221;, explica.<\/p>\n\n\n\n<div class=\"wp-block-image\"><figure class=\"aligncenter size-large\"><img loading=\"lazy\" decoding=\"async\" width=\"984\" height=\"738\" src=\"https:\/\/tvtecjundiai.com.br\/news\/wp-content\/uploads\/sites\/2\/2021\/07\/foto-linosbrito-pediu-para-colocar-o-credito-2-.jpeg\" alt=\"\" class=\"wp-image-79453\" srcset=\"https:\/\/tvtecjundiai.com.br\/news\/wp-content\/uploads\/sites\/2\/2021\/07\/foto-linosbrito-pediu-para-colocar-o-credito-2-.jpeg 984w, https:\/\/tvtecjundiai.com.br\/news\/wp-content\/uploads\/sites\/2\/2021\/07\/foto-linosbrito-pediu-para-colocar-o-credito-2--300x225.jpeg 300w, https:\/\/tvtecjundiai.com.br\/news\/wp-content\/uploads\/sites\/2\/2021\/07\/foto-linosbrito-pediu-para-colocar-o-credito-2--768x576.jpeg 768w\" sizes=\"auto, (max-width: 984px) 100vw, 984px\" \/><\/figure><\/div>\n\n\n\n<p><strong>Resultados<br><\/strong>Al\u00e9m dos abrigos institucionais, o projeto tamb\u00e9m \u00e9 levado mensalmente a espa\u00e7os p\u00fablicos, como terminais ferrovi\u00e1rios, viadutos, pra\u00e7as, entre outros lugares onde h\u00e1 concentra\u00e7\u00e3o de pessoas em situa\u00e7\u00e3o de vulnerabilidade.<\/p>\n\n\n\n<p>&#8220;Sendo grande parte do p\u00fablico em situa\u00e7\u00e3o de rua formado por dependentes qu\u00edmicos, observamos que a m\u00fasica se tornou um fator de prote\u00e7\u00e3o para a manuten\u00e7\u00e3o da abstin\u00eancia e preven\u00e7\u00e3o de reca\u00eddas, uma vez que os participantes diminu\u00edram o uso de subst\u00e2ncias a fim de estarem s\u00f3brios para melhor performance durante as oficinas e apresenta\u00e7\u00f5es&#8221;, comenta Melina.<br>De acordo com a terapeuta, alguns participantes tamb\u00e9m j\u00e1 cogitaram a possibilidade de aprender a tocar os instrumentos para arrecadar verbas por meio da m\u00fasica, com a finalidade de conseguir moradia e sair das ruas.<\/p>\n\n\n\n<p>&#8220;Pudemos observar o despertar de v\u00e1rios tipos de emo\u00e7\u00f5es nos participantes durante as m\u00fasicas, demonstradas em risos, choros ou lembran\u00e7as ligadas \u00e0 fam\u00edlia e ao passado. Assim, essas pessoas foram encorajadas a retomarem o contato com esses familiares, buscando a reaproxima\u00e7\u00e3o e o fortalecimento de v\u00ednculos&#8221;, afirma.<\/p>\n\n\n\n<p><strong>Reflex\u00e3o<br><\/strong>Para a idealizadora, uma das situa\u00e7\u00f5es mais marcantes do projeto aconteceu durante uma das primeiras apresenta\u00e7\u00f5es externas. No momento, a letra da m\u00fasica &#8220;Tempo Perdido&#8221;, da banda Legi\u00e3o Urbana, proporcionou uma reflex\u00e3o acerca do uso do tempo.<\/p>\n\n\n\n<p>&#8220;Finalizamos [a apresenta\u00e7\u00e3o] afirmando que, para n\u00f3s, era um privil\u00e9gio fazer uso do nosso tempo para estar com eles naquele dia, e um dos participantes respondeu: &#8216;esse projeto \u00e9 para mostrar que algu\u00e9m sabe que a gente existe'&#8221;, lembra.<\/p>\n\n\n\n<p>Inspirado pela iniciativa, um dos participantes do &#8220;Som das Ruas&#8221; ainda comp\u00f4s uma can\u00e7\u00e3o em agradecimento \u00e0 casa de passagem SOS de Jundia\u00ed.<\/p>\n\n\n\n<p><em>(Fonte\/Imagem: G1)<\/em><\/p>\n","protected":false},"excerpt":{"rendered":"<p>A\u00e7\u00e3o leva arte e cultura para pessoas em situa\u00e7\u00e3o de vulnerabilidade social atrav\u00e9s de oficinas de apresenta\u00e7\u00f5es.<\/p>\n","protected":false},"author":25,"featured_media":79452,"comment_status":"closed","ping_status":"closed","sticky":false,"template":"","format":"standard","meta":{"footnotes":""},"categories":[2833,1],"tags":[],"class_list":["post-79451","post","type-post","status-publish","format-standard","has-post-thumbnail","hentry","category-cultura","category-noticias"],"_links":{"self":[{"href":"https:\/\/tvtecjundiai.com.br\/news\/wp-json\/wp\/v2\/posts\/79451","targetHints":{"allow":["GET"]}}],"collection":[{"href":"https:\/\/tvtecjundiai.com.br\/news\/wp-json\/wp\/v2\/posts"}],"about":[{"href":"https:\/\/tvtecjundiai.com.br\/news\/wp-json\/wp\/v2\/types\/post"}],"author":[{"embeddable":true,"href":"https:\/\/tvtecjundiai.com.br\/news\/wp-json\/wp\/v2\/users\/25"}],"replies":[{"embeddable":true,"href":"https:\/\/tvtecjundiai.com.br\/news\/wp-json\/wp\/v2\/comments?post=79451"}],"version-history":[{"count":2,"href":"https:\/\/tvtecjundiai.com.br\/news\/wp-json\/wp\/v2\/posts\/79451\/revisions"}],"predecessor-version":[{"id":79456,"href":"https:\/\/tvtecjundiai.com.br\/news\/wp-json\/wp\/v2\/posts\/79451\/revisions\/79456"}],"wp:featuredmedia":[{"embeddable":true,"href":"https:\/\/tvtecjundiai.com.br\/news\/wp-json\/wp\/v2\/media\/79452"}],"wp:attachment":[{"href":"https:\/\/tvtecjundiai.com.br\/news\/wp-json\/wp\/v2\/media?parent=79451"}],"wp:term":[{"taxonomy":"category","embeddable":true,"href":"https:\/\/tvtecjundiai.com.br\/news\/wp-json\/wp\/v2\/categories?post=79451"},{"taxonomy":"post_tag","embeddable":true,"href":"https:\/\/tvtecjundiai.com.br\/news\/wp-json\/wp\/v2\/tags?post=79451"}],"curies":[{"name":"wp","href":"https:\/\/api.w.org\/{rel}","templated":true}]}}