{"id":79471,"date":"2021-07-19T12:33:59","date_gmt":"2021-07-19T15:33:59","guid":{"rendered":"https:\/\/tvtecjundiai.com.br\/news\/?p=79471"},"modified":"2021-07-19T12:34:02","modified_gmt":"2021-07-19T15:34:02","slug":"prefeitura-de-jundiai-seleciona-grafiteiros-para-intervencao-em-murais-e-realizacao-de-oficinas","status":"publish","type":"post","link":"https:\/\/tvtecjundiai.com.br\/news\/2021\/07\/19\/prefeitura-de-jundiai-seleciona-grafiteiros-para-intervencao-em-murais-e-realizacao-de-oficinas\/","title":{"rendered":"Prefeitura de Jundia\u00ed seleciona grafiteiros para interven\u00e7\u00e3o em murais e realiza\u00e7\u00e3o de oficinas"},"content":{"rendered":"\n<p>A Unidade de Gest\u00e3o de Cultura (UGC) seleciona artistas da \u00e1rea do grafite para a confec\u00e7\u00e3o dos murais na Galeria de Arte P\u00fablica G9 (localizada na avenida Nove de Julho) e em bairros descentralizados do Munic\u00edpio, al\u00e9m da realiza\u00e7\u00e3o de oficinas virtuais gratuitas. Os interessados devem ser maiores de 18 anos e devem se inscrever no site da Cultura at\u00e9 as 23h59 do dia 02 de setembro, a partir de uma conta Google para poder anexar os documentos necess\u00e1rios.<\/p>\n\n\n\n<p>Para a confec\u00e7\u00e3o de murais ser\u00e3o selecionados 24 artistas, cada um premiado com R$ 1 mil. As \u00e1reas de interven\u00e7\u00f5es previstas s\u00e3o 19 murais na Galeria de Arte P\u00fablica G9, onde h\u00e1 11 murais na parte inferior e outros oito na superior), al\u00e9m de murais nos bairros: Vista Alegre, Santa Gertrudes, Vila Alvorada, Jardim S\u00e3o Camilo e Jardim Novo Horizonte. Para a realiza\u00e7\u00e3o das interven\u00e7\u00f5es, a UGC ir\u00e1 fornecer ainda um kit com tubos de tinta spray de alta performance de diversas cores.<\/p>\n\n\n\n<p>As 24 obras contempladas e suas fichas t\u00e9cnicas far\u00e3o parte de uma publica\u00e7\u00e3o em formato de livreto, com impress\u00e3o prevista de mais de quatro mil exemplares para distribui\u00e7\u00e3o gratuita entre os artistas e os equipamentos p\u00fablicos municipais, como forma de divulga\u00e7\u00e3o dessa linguagem art\u00edstica.<\/p>\n\n\n\n<figure class=\"wp-block-image size-large\"><img loading=\"lazy\" decoding=\"async\" width=\"1200\" height=\"800\" src=\"https:\/\/tvtecjundiai.com.br\/news\/wp-content\/uploads\/sites\/2\/2021\/07\/grafitagem-pontilhao-av-09-de-julho-x-av-jundiai_c_-4-1200x800.jpg\" alt=\"\" class=\"wp-image-79472\" srcset=\"https:\/\/tvtecjundiai.com.br\/news\/wp-content\/uploads\/sites\/2\/2021\/07\/grafitagem-pontilhao-av-09-de-julho-x-av-jundiai_c_-4-1200x800.jpg 1200w, https:\/\/tvtecjundiai.com.br\/news\/wp-content\/uploads\/sites\/2\/2021\/07\/grafitagem-pontilhao-av-09-de-julho-x-av-jundiai_c_-4-300x200.jpg 300w, https:\/\/tvtecjundiai.com.br\/news\/wp-content\/uploads\/sites\/2\/2021\/07\/grafitagem-pontilhao-av-09-de-julho-x-av-jundiai_c_-4-768x512.jpg 768w, https:\/\/tvtecjundiai.com.br\/news\/wp-content\/uploads\/sites\/2\/2021\/07\/grafitagem-pontilhao-av-09-de-julho-x-av-jundiai_c_-4.jpg 1280w\" sizes=\"auto, (max-width: 1200px) 100vw, 1200px\" \/><figcaption>Inscri\u00e7\u00f5es v\u00e3o at\u00e9 o dia 02 de setembro<\/figcaption><\/figure>\n\n\n\n<p><strong>Oficinas culturais<\/strong><br>Ser\u00e3o contratados ainda artistas que trabalham com a linguagem da Arte Urbana para a realiza\u00e7\u00e3o de oficinas on-line gratuitas, com o objetivo de promover aos jovens e adultos do Munic\u00edpio.<\/p>\n\n\n\n<p>Ser\u00e3o selecionados os projetos de dez proponentes. Cada um deles ser\u00e1 contemplado com pr\u00eamio de R$ 2.400 para a realiza\u00e7\u00e3o de 40 horas-aula em plataforma on-line, em cronograma a ser estabelecido e aprovado pela UGC.<\/p>\n\n\n\n<p>Os resultados finais e a classifica\u00e7\u00e3o dos selecionados dever\u00e3o ser publicados no dia 07 de outubro. &nbsp;<\/p>\n\n\n\n<p><strong>Mais detalhes<\/strong><br>A fim de esclarecer os questionamentos da classe art\u00edstica, a UGC realiza uma \u201cLive: Espa\u00e7o Cultura\u201d especial sobre os editais da Galeria G9 nesta quarta-feira (21), a partir das 16h, nos canais da UGC do&nbsp;<a href=\"https:\/\/www.facebook.com\/culturajundiai\" target=\"_blank\" rel=\"noreferrer noopener\">Facebook<\/a>&nbsp;e do&nbsp;<a href=\"https:\/\/www.youtube.com\/c\/CulturaJundia%C3%AD\/featured\" target=\"_blank\" rel=\"noreferrer noopener\">YouTube<\/a>.<\/p>\n\n\n\n<p>Mais detalhes como as composi\u00e7\u00f5es das comiss\u00f5es de avalia\u00e7\u00e3o; os crit\u00e9rios para pontua\u00e7\u00e3o e sele\u00e7\u00e3o; remunera\u00e7\u00e3o; documenta\u00e7\u00e3o necess\u00e1ria; e o cronograma podem ser conferidos no\u00a0<a rel=\"noreferrer noopener\" href=\"https:\/\/cultura.jundiai.sp.gov.br\/editais-e-regulamentos\/\" target=\"_blank\">site da Cultura, na aba Editais e Regulamentos<\/a>.<\/p>\n\n\n\n<p><em>(Texto\/Imagem: Prefeitura de Jundia\u00ed)<\/em><\/p>\n","protected":false},"excerpt":{"rendered":"<p>Para a confec\u00e7\u00e3o de murais ser\u00e3o selecionados 24 artistas, cada um premiado com R$ 1 mil<\/p>\n","protected":false},"author":28,"featured_media":79472,"comment_status":"closed","ping_status":"closed","sticky":false,"template":"","format":"standard","meta":{"footnotes":""},"categories":[8356,1],"tags":[],"class_list":["post-79471","post","type-post","status-publish","format-standard","has-post-thumbnail","hentry","category-jundiai","category-noticias"],"_links":{"self":[{"href":"https:\/\/tvtecjundiai.com.br\/news\/wp-json\/wp\/v2\/posts\/79471","targetHints":{"allow":["GET"]}}],"collection":[{"href":"https:\/\/tvtecjundiai.com.br\/news\/wp-json\/wp\/v2\/posts"}],"about":[{"href":"https:\/\/tvtecjundiai.com.br\/news\/wp-json\/wp\/v2\/types\/post"}],"author":[{"embeddable":true,"href":"https:\/\/tvtecjundiai.com.br\/news\/wp-json\/wp\/v2\/users\/28"}],"replies":[{"embeddable":true,"href":"https:\/\/tvtecjundiai.com.br\/news\/wp-json\/wp\/v2\/comments?post=79471"}],"version-history":[{"count":1,"href":"https:\/\/tvtecjundiai.com.br\/news\/wp-json\/wp\/v2\/posts\/79471\/revisions"}],"predecessor-version":[{"id":79473,"href":"https:\/\/tvtecjundiai.com.br\/news\/wp-json\/wp\/v2\/posts\/79471\/revisions\/79473"}],"wp:featuredmedia":[{"embeddable":true,"href":"https:\/\/tvtecjundiai.com.br\/news\/wp-json\/wp\/v2\/media\/79472"}],"wp:attachment":[{"href":"https:\/\/tvtecjundiai.com.br\/news\/wp-json\/wp\/v2\/media?parent=79471"}],"wp:term":[{"taxonomy":"category","embeddable":true,"href":"https:\/\/tvtecjundiai.com.br\/news\/wp-json\/wp\/v2\/categories?post=79471"},{"taxonomy":"post_tag","embeddable":true,"href":"https:\/\/tvtecjundiai.com.br\/news\/wp-json\/wp\/v2\/tags?post=79471"}],"curies":[{"name":"wp","href":"https:\/\/api.w.org\/{rel}","templated":true}]}}