{"id":79477,"date":"2021-07-19T13:17:29","date_gmt":"2021-07-19T16:17:29","guid":{"rendered":"https:\/\/tvtecjundiai.com.br\/news\/?p=79477"},"modified":"2021-07-19T13:42:08","modified_gmt":"2021-07-19T16:42:08","slug":"jundiai-tera-minima-de-4o-nesta-terca-feira-20-1","status":"publish","type":"post","link":"https:\/\/tvtecjundiai.com.br\/news\/2021\/07\/19\/jundiai-tera-minima-de-4o-nesta-terca-feira-20-1\/","title":{"rendered":"Jundia\u00ed ter\u00e1 m\u00ednima de 4\u00baC nesta ter\u00e7a-feira (20)"},"content":{"rendered":"\n<p>Uma frente fria chegou em Jundia\u00ed na madrugada desta segunda-feira (19) e derrubou as temperaturas. Segundo a meteorologista Aline Tochio, do Climatempo, uma primeira frente fria j\u00e1 havia passado pelo estado na sexta-feira (16) e outra no domingo (18), o que provocou baixas temperaturas.<\/p>\n\n\n\n<p>J\u00e1 esta nova frente fria do sul veio com uma massa de ar polar mais forte e vai permanecer na regi\u00e3o at\u00e9 quarta-feira (21). Conforme a meteorologista, no domingo a m\u00ednima foi invertida, chegando \u00e0s menores temperaturas a partir do anoitecer e gelando a manh\u00e3 desta segunda-feira. Jundia\u00ed registrou 5\u00b0C de m\u00ednima.<\/p>\n\n\n\n<p>Nesta segunda-feira, a m\u00e1xima chega a 19\u00b0C em Jundia\u00ed. Na ter\u00e7a-feira (20), a m\u00ednima em Jundia\u00ed ser\u00e1 de 4\u00b0C. A m\u00e1xima na ter\u00e7a-feira na regi\u00e3o atinge 20\u00b0C. J\u00e1 na quarta-feira (21), o tempo come\u00e7a a esquentar e a temperatura m\u00ednima da regi\u00e3o ser\u00e1 de 8\u00b0C e a m\u00e1xima de 25\u00b0C.<\/p>\n\n\n\n<div class=\"wp-block-image\"><figure class=\"aligncenter size-large\"><img loading=\"lazy\" decoding=\"async\" width=\"770\" height=\"445\" src=\"https:\/\/tvtecjundiai.com.br\/news\/wp-content\/uploads\/sites\/2\/2019\/08\/primeira-onda-de-frio-de-2018-chega-ainda-este-mes-diz-meteorologista1-770x445.jpg\" alt=\"\" class=\"wp-image-36307\" srcset=\"https:\/\/tvtecjundiai.com.br\/news\/wp-content\/uploads\/sites\/2\/2019\/08\/primeira-onda-de-frio-de-2018-chega-ainda-este-mes-diz-meteorologista1-770x445.jpg 770w, https:\/\/tvtecjundiai.com.br\/news\/wp-content\/uploads\/sites\/2\/2019\/08\/primeira-onda-de-frio-de-2018-chega-ainda-este-mes-diz-meteorologista1-770x445-300x173.jpg 300w, https:\/\/tvtecjundiai.com.br\/news\/wp-content\/uploads\/sites\/2\/2019\/08\/primeira-onda-de-frio-de-2018-chega-ainda-este-mes-diz-meteorologista1-770x445-768x444.jpg 768w\" sizes=\"auto, (max-width: 770px) 100vw, 770px\" \/><\/figure><\/div>\n\n\n\n<p>A Defesa Civil emitiu um alerta para baixas temperaturas em cidades do interior de SP nos pr\u00f3ximos dias. Segundo o \u00f3rg\u00e3o, uma massa de ar frio vai avan\u00e7ar por todo o territ\u00f3rio paulista e provocar frio intenso.<\/p>\n\n\n\n<p>A meteorologista lembra que em junho houve uma onda de frio bem forte, com recordes de baixas temperaturas. Por isso, a expectativa era de um frio parecido s\u00f3 em agosto, mas ele veio antes. &#8220;Nessa frente fria, quanto mais perto do centro da massa polar, mais frio a gente sente.&#8221;<\/p>\n\n\n\n<p>Ela ainda explica que as noites muito frias e sem nuvens ou com poucas nuvens podem ter geadas, que \u00e9 o congelamento do orvalho que forma sobre a vegeta\u00e7\u00e3o. Os recordes entre 6h e 7h acontecem porque normalmente ao amanhecer esfria mais.<\/p>\n\n\n\n<p>O frio come\u00e7a a diminuir na regi\u00e3o a partir de quinta-feira (22), com o afastamento do centro da massa de ar de origem polar. As m\u00ednimas ser\u00e3o de 12\u00b0C e a m\u00e1xima de 25\u00b0C.<\/p>\n\n\n\n<p><em>(Texto: G1\/Imagem: TVTEC)<\/em><\/p>\n","protected":false},"excerpt":{"rendered":"<p>Segundo o Climatempo, uma nova frente fria do sul veio com uma massa de ar polar mais forte<\/p>\n","protected":false},"author":28,"featured_media":36307,"comment_status":"closed","ping_status":"closed","sticky":false,"template":"","format":"standard","meta":{"footnotes":""},"categories":[8356,1],"tags":[],"class_list":["post-79477","post","type-post","status-publish","format-standard","has-post-thumbnail","hentry","category-jundiai","category-noticias"],"_links":{"self":[{"href":"https:\/\/tvtecjundiai.com.br\/news\/wp-json\/wp\/v2\/posts\/79477","targetHints":{"allow":["GET"]}}],"collection":[{"href":"https:\/\/tvtecjundiai.com.br\/news\/wp-json\/wp\/v2\/posts"}],"about":[{"href":"https:\/\/tvtecjundiai.com.br\/news\/wp-json\/wp\/v2\/types\/post"}],"author":[{"embeddable":true,"href":"https:\/\/tvtecjundiai.com.br\/news\/wp-json\/wp\/v2\/users\/28"}],"replies":[{"embeddable":true,"href":"https:\/\/tvtecjundiai.com.br\/news\/wp-json\/wp\/v2\/comments?post=79477"}],"version-history":[{"count":2,"href":"https:\/\/tvtecjundiai.com.br\/news\/wp-json\/wp\/v2\/posts\/79477\/revisions"}],"predecessor-version":[{"id":79482,"href":"https:\/\/tvtecjundiai.com.br\/news\/wp-json\/wp\/v2\/posts\/79477\/revisions\/79482"}],"wp:featuredmedia":[{"embeddable":true,"href":"https:\/\/tvtecjundiai.com.br\/news\/wp-json\/wp\/v2\/media\/36307"}],"wp:attachment":[{"href":"https:\/\/tvtecjundiai.com.br\/news\/wp-json\/wp\/v2\/media?parent=79477"}],"wp:term":[{"taxonomy":"category","embeddable":true,"href":"https:\/\/tvtecjundiai.com.br\/news\/wp-json\/wp\/v2\/categories?post=79477"},{"taxonomy":"post_tag","embeddable":true,"href":"https:\/\/tvtecjundiai.com.br\/news\/wp-json\/wp\/v2\/tags?post=79477"}],"curies":[{"name":"wp","href":"https:\/\/api.w.org\/{rel}","templated":true}]}}