{"id":79484,"date":"2021-07-19T14:12:21","date_gmt":"2021-07-19T17:12:21","guid":{"rendered":"https:\/\/tvtecjundiai.com.br\/news\/?p=79484"},"modified":"2021-07-19T14:12:29","modified_gmt":"2021-07-19T17:12:29","slug":"sao-paulo-planeja-inicio-da-revacinacao-anual-contra-covid-19-para-17-de-janeiro","status":"publish","type":"post","link":"https:\/\/tvtecjundiai.com.br\/news\/2021\/07\/19\/sao-paulo-planeja-inicio-da-revacinacao-anual-contra-covid-19-para-17-de-janeiro\/","title":{"rendered":"S\u00e3o Paulo planeja in\u00edcio da revacina\u00e7\u00e3o anual contra COVID-19 para 17 de janeiro"},"content":{"rendered":"\n<p>O governo de S\u00e3o Paulo planeja come\u00e7ar a revacina\u00e7\u00e3o anual contra a COVID-19 em 17 de janeiro, de acordo com declara\u00e7\u00e3o do secret\u00e1rio estadual da Sa\u00fade, Jean Gorinchteyn. Ele n\u00e3o informou detalhes sobre o p\u00fablico priorit\u00e1rio e o n\u00famero de doses que ser\u00e3o necess\u00e1rias. &#8220;Foi exatamente o dia em que n\u00f3s vacinamos a primeira brasileira, aqui de S\u00e3o Paulo, M\u00f4nica Calazans\u201d, justificou durante agenda p\u00fablica.<\/p>\n\n\n\n<p>Em outras ocasi\u00f5es, o governo paulista j\u00e1 havia apontado que a campanha de imuniza\u00e7\u00e3o contra o coronav\u00edrus precisaria possivelmente ser anual. O Instituto Butantan at\u00e9 mesmo testa o desenvolvimento de uma vacina dupla que proteja contra a influenza e a COVID-19.<\/p>\n\n\n\n<p>Gorinchteyn ressaltou, ainda, que a revacina\u00e7\u00e3o anual n\u00e3o \u00e9 um refor\u00e7o. \u201cN\u00f3s estamos seguindo a prerrogativa das vacinas para v\u00edrus respirat\u00f3rios, como o da gripe (de aplica\u00e7\u00e3o anual).\u201d<\/p>\n\n\n\n<figure class=\"wp-block-image size-large\"><img loading=\"lazy\" decoding=\"async\" width=\"1089\" height=\"650\" src=\"https:\/\/tvtecjundiai.com.br\/news\/wp-content\/uploads\/sites\/2\/2021\/07\/vacinacao-covid-19-em-50-mais-no-cece-aramis-polli_c_-55-e1626265054655.jpg\" alt=\"\" class=\"wp-image-79127\" srcset=\"https:\/\/tvtecjundiai.com.br\/news\/wp-content\/uploads\/sites\/2\/2021\/07\/vacinacao-covid-19-em-50-mais-no-cece-aramis-polli_c_-55-e1626265054655.jpg 1089w, https:\/\/tvtecjundiai.com.br\/news\/wp-content\/uploads\/sites\/2\/2021\/07\/vacinacao-covid-19-em-50-mais-no-cece-aramis-polli_c_-55-e1626265054655-300x179.jpg 300w, https:\/\/tvtecjundiai.com.br\/news\/wp-content\/uploads\/sites\/2\/2021\/07\/vacinacao-covid-19-em-50-mais-no-cece-aramis-polli_c_-55-e1626265054655-768x458.jpg 768w\" sizes=\"auto, (max-width: 1089px) 100vw, 1089px\" \/><\/figure>\n\n\n\n<p>Al\u00e9m disso, ele destacou que a previs\u00e3o \u00e9 que a produ\u00e7\u00e3o de doses no Butantan seja acelerada em 2022, com a amplia\u00e7\u00e3o do espa\u00e7o de fabrica\u00e7\u00e3o e a poss\u00edvel aprova\u00e7\u00e3o de outra candidata a imunizante, a Butanvac, hoje em fase de testes e que necessita de insumos que n\u00e3o precisam ser importados. \u201cA partir do ano que vem, teremos uma produ\u00e7\u00e3o em solo brasileiro de forma muito mais c\u00e9lere, n\u00e3o dependendo mais de IFas (Insumo Farmac\u00eautico Ativo) do exterior.\u201d<\/p>\n\n\n\n<p>A campanha atual contra a COVID-19 no Estado foi ampliada nesta semana e chegar\u00e1 at\u00e9 a popula\u00e7\u00e3o de 30 anos na sexta-feira, 23. O vice-governador Rodrigo Garcia destacou que a prioridade neste ano \u00e9 imunizar o m\u00e1ximo de pessoas com as duas doses. \u201cO objetivo \u00e9 que a gente complete este ciclo vacinal o mais rapidamente poss\u00edvel at\u00e9 20 de agosto, para, na sequ\u00eancia, vacinar adolescentes e estudar alternativas de ampliar a imuniza\u00e7\u00e3o\u201d, comentou.<\/p>\n\n\n\n<p><strong>Pa\u00eds pode chegar a 70% de imuniza\u00e7\u00e3o em dezembro<\/strong><br>O Estad\u00e3o mostrou que o Brasil tem capacidade para imunizar 70% da popula\u00e7\u00e3o com as duas doses da vacina contra a COVID-19 at\u00e9 dezembro, caso mantenha a m\u00e9dia atual de um milh\u00e3o de doses aplicadas por dia. A taxa \u00e9 considerada ideal para que a vacina seja capaz de controlar a transmiss\u00e3o do v\u00edrus. No entanto, especialistas afirmam que o Pa\u00eds precisa superar problemas como a imprevisibilidade na entrega de vacinas e a baixa ades\u00e3o \u00e0 2\u00aa dose para atingir a marca.<\/p>\n\n\n\n<p><em>(Texto\/Imagem: Estad\u00e3o)<\/em><\/p>\n","protected":false},"excerpt":{"rendered":"<p>Ideia \u00e9 que novo ciclo de aplica\u00e7\u00e3o comece no mesmo dia que a primeira brasileira foi vacinada<\/p>\n","protected":false},"author":28,"featured_media":79127,"comment_status":"closed","ping_status":"closed","sticky":false,"template":"","format":"standard","meta":{"footnotes":""},"categories":[8356,1],"tags":[],"class_list":["post-79484","post","type-post","status-publish","format-standard","has-post-thumbnail","hentry","category-jundiai","category-noticias"],"_links":{"self":[{"href":"https:\/\/tvtecjundiai.com.br\/news\/wp-json\/wp\/v2\/posts\/79484","targetHints":{"allow":["GET"]}}],"collection":[{"href":"https:\/\/tvtecjundiai.com.br\/news\/wp-json\/wp\/v2\/posts"}],"about":[{"href":"https:\/\/tvtecjundiai.com.br\/news\/wp-json\/wp\/v2\/types\/post"}],"author":[{"embeddable":true,"href":"https:\/\/tvtecjundiai.com.br\/news\/wp-json\/wp\/v2\/users\/28"}],"replies":[{"embeddable":true,"href":"https:\/\/tvtecjundiai.com.br\/news\/wp-json\/wp\/v2\/comments?post=79484"}],"version-history":[{"count":1,"href":"https:\/\/tvtecjundiai.com.br\/news\/wp-json\/wp\/v2\/posts\/79484\/revisions"}],"predecessor-version":[{"id":79485,"href":"https:\/\/tvtecjundiai.com.br\/news\/wp-json\/wp\/v2\/posts\/79484\/revisions\/79485"}],"wp:featuredmedia":[{"embeddable":true,"href":"https:\/\/tvtecjundiai.com.br\/news\/wp-json\/wp\/v2\/media\/79127"}],"wp:attachment":[{"href":"https:\/\/tvtecjundiai.com.br\/news\/wp-json\/wp\/v2\/media?parent=79484"}],"wp:term":[{"taxonomy":"category","embeddable":true,"href":"https:\/\/tvtecjundiai.com.br\/news\/wp-json\/wp\/v2\/categories?post=79484"},{"taxonomy":"post_tag","embeddable":true,"href":"https:\/\/tvtecjundiai.com.br\/news\/wp-json\/wp\/v2\/tags?post=79484"}],"curies":[{"name":"wp","href":"https:\/\/api.w.org\/{rel}","templated":true}]}}