{"id":79489,"date":"2021-07-19T14:27:32","date_gmt":"2021-07-19T17:27:32","guid":{"rendered":"https:\/\/tvtecjundiai.com.br\/news\/?p=79489"},"modified":"2021-07-19T14:27:37","modified_gmt":"2021-07-19T17:27:37","slug":"oms-fecha-acordo-com-empresa-brasileira-para-produzir-4-milhoes-de-testes-covid-19","status":"publish","type":"post","link":"https:\/\/tvtecjundiai.com.br\/news\/2021\/07\/19\/oms-fecha-acordo-com-empresa-brasileira-para-produzir-4-milhoes-de-testes-covid-19\/","title":{"rendered":"OMS fecha acordo com empresa brasileira para produzir 4 milh\u00f5es de testes COVID-19"},"content":{"rendered":"\n<p>A Unitaid, ag\u00eancia que pertence \u00e0 Organiza\u00e7\u00e3o Mundial da Sa\u00fade (OMS), assinou um acordo com um laborat\u00f3rio brasileiro para a produ\u00e7\u00e3o de testes r\u00e1pidos da COVID-19, de alta qualidade, que ser\u00e3o distribu\u00eddos na Am\u00e9rica Latina e na \u00c1frica.<\/p>\n\n\n\n<p>Em entrevista \u00e0 CNN nesta segunda-feira (19), Draurio Barreira, que \u00e9 m\u00e9dico sanitarista e gerente t\u00e9cnico da Unitaid, refor\u00e7ou a import\u00e2ncia da medida.<\/p>\n\n\n\n<p>\u201c\u00c9 um projeto importante para dar autonomia ao Brasil e \u00e0 Am\u00e9rica Latina, para fornecer um quantitativo necess\u00e1rio de testagem ao pa\u00eds e regi\u00e3o, para poder prevenir a doen\u00e7a\u201d, disse.<\/p>\n\n\n\n<figure class=\"wp-block-image size-large\"><img loading=\"lazy\" decoding=\"async\" width=\"984\" height=\"657\" src=\"https:\/\/tvtecjundiai.com.br\/news\/wp-content\/uploads\/sites\/2\/2021\/01\/testes-domiciliares-coronavirus-traviu-224-1280x854-2.jpg\" alt=\"\" class=\"wp-image-70682\" srcset=\"https:\/\/tvtecjundiai.com.br\/news\/wp-content\/uploads\/sites\/2\/2021\/01\/testes-domiciliares-coronavirus-traviu-224-1280x854-2.jpg 984w, https:\/\/tvtecjundiai.com.br\/news\/wp-content\/uploads\/sites\/2\/2021\/01\/testes-domiciliares-coronavirus-traviu-224-1280x854-2-300x200.jpg 300w, https:\/\/tvtecjundiai.com.br\/news\/wp-content\/uploads\/sites\/2\/2021\/01\/testes-domiciliares-coronavirus-traviu-224-1280x854-2-768x513.jpg 768w\" sizes=\"auto, (max-width: 984px) 100vw, 984px\" \/><\/figure>\n\n\n\n<p>Ele refor\u00e7ou que o combate \u00e0 COVID-19 passa por \u201cdetectar os casos e isol\u00e1-los, sem instrumentos de diagn\u00f3stico fica dif\u00edcil o controle da pandemia.\u201d<\/p>\n\n\n\n<p>Inicialmente, a Wama Diagn\u00f3stica, que tem base na cidade de S\u00e3o Carlos, em S\u00e3o Paulo, deve iniciar a produ\u00e7\u00e3o com 50 mil testes, com a proje\u00e7\u00e3o de chegar a 4 milh\u00f5es mensais.<\/p>\n\n\n\n<p>Segundo Draurio, eles ser\u00e3o de baixo custo, de at\u00e9 2 d\u00f3lares por teste. O sanitarista destacou que a transfer\u00eancia de tecnologia come\u00e7ar\u00e1 a ser realizada com a empresa \u2013 que assinou o acordo ap\u00f3s vencer licita\u00e7\u00e3o \u2013 e que h\u00e1 protocolos a serem seguidos.<\/p>\n\n\n\n<p>\u201cTudo passa pela aprova\u00e7\u00e3o da Anvisa (Ag\u00eancia Nacional de Vigil\u00e2ncia Sanit\u00e1ria), pode levar alguns meses at\u00e9 que sejam validados, mas a expectativa \u00e9 de que at\u00e9 o final do ano ou come\u00e7o de 2022 os testes estejam dispon\u00edveis\u201d, completou o m\u00e9dico.<\/p>\n\n\n\n<p><em>(Texto: CNN\/Imagem: TVTEC)<\/em><\/p>\n","protected":false},"excerpt":{"rendered":"<p>O m\u00e9dico sanitarista e gerente t\u00e9cnico da Unitaid disse que testes ser\u00e3o destinados a Am\u00e9rica Latina e \u00c1frica<\/p>\n","protected":false},"author":28,"featured_media":70682,"comment_status":"closed","ping_status":"closed","sticky":false,"template":"","format":"standard","meta":{"footnotes":""},"categories":[8356,1],"tags":[],"class_list":["post-79489","post","type-post","status-publish","format-standard","has-post-thumbnail","hentry","category-jundiai","category-noticias"],"_links":{"self":[{"href":"https:\/\/tvtecjundiai.com.br\/news\/wp-json\/wp\/v2\/posts\/79489","targetHints":{"allow":["GET"]}}],"collection":[{"href":"https:\/\/tvtecjundiai.com.br\/news\/wp-json\/wp\/v2\/posts"}],"about":[{"href":"https:\/\/tvtecjundiai.com.br\/news\/wp-json\/wp\/v2\/types\/post"}],"author":[{"embeddable":true,"href":"https:\/\/tvtecjundiai.com.br\/news\/wp-json\/wp\/v2\/users\/28"}],"replies":[{"embeddable":true,"href":"https:\/\/tvtecjundiai.com.br\/news\/wp-json\/wp\/v2\/comments?post=79489"}],"version-history":[{"count":1,"href":"https:\/\/tvtecjundiai.com.br\/news\/wp-json\/wp\/v2\/posts\/79489\/revisions"}],"predecessor-version":[{"id":79490,"href":"https:\/\/tvtecjundiai.com.br\/news\/wp-json\/wp\/v2\/posts\/79489\/revisions\/79490"}],"wp:featuredmedia":[{"embeddable":true,"href":"https:\/\/tvtecjundiai.com.br\/news\/wp-json\/wp\/v2\/media\/70682"}],"wp:attachment":[{"href":"https:\/\/tvtecjundiai.com.br\/news\/wp-json\/wp\/v2\/media?parent=79489"}],"wp:term":[{"taxonomy":"category","embeddable":true,"href":"https:\/\/tvtecjundiai.com.br\/news\/wp-json\/wp\/v2\/categories?post=79489"},{"taxonomy":"post_tag","embeddable":true,"href":"https:\/\/tvtecjundiai.com.br\/news\/wp-json\/wp\/v2\/tags?post=79489"}],"curies":[{"name":"wp","href":"https:\/\/api.w.org\/{rel}","templated":true}]}}