{"id":79496,"date":"2021-07-19T14:56:34","date_gmt":"2021-07-19T17:56:34","guid":{"rendered":"https:\/\/tvtecjundiai.com.br\/news\/?p=79496"},"modified":"2021-07-19T14:56:41","modified_gmt":"2021-07-19T17:56:41","slug":"com-investimento-de-r-737-mil-rua-adelino-martins-no-tulipas-recebe-novo-asfalto","status":"publish","type":"post","link":"https:\/\/tvtecjundiai.com.br\/news\/2021\/07\/19\/com-investimento-de-r-737-mil-rua-adelino-martins-no-tulipas-recebe-novo-asfalto\/","title":{"rendered":"Com investimento de R$ 737 mil, rua Adelino Martins, no Tulipas, recebe novo asfalto"},"content":{"rendered":"\n<p>O Prefeito de Jundia\u00ed, Luiz Fernando Machado, fez uma visita t\u00e9cnica, na manh\u00e3 desta segunda-feira (19), \u00e0s obras de recapeamento da rua Adelino Martins, no Jardim das Tulipas. Ao todo, s\u00e3o 15.850.26 metros quadrados de novo asfalto, em 1.182 metros de extens\u00e3o. O investimento \u00e9 de R$ 737.503,61 \u2013 sendo R$ 659.361,83 via emenda parlamentar e R$ 78.141,78 de investimento pr\u00f3prio.<\/p>\n\n\n\n<figure class=\"wp-block-image size-large\"><img loading=\"lazy\" decoding=\"async\" width=\"1200\" height=\"800\" src=\"https:\/\/tvtecjundiai.com.br\/news\/wp-content\/uploads\/sites\/2\/2021\/07\/prefeito_visita_recap_adelino_martins_tulipas-69-1200x800.jpg\" alt=\"\" class=\"wp-image-79497\" srcset=\"https:\/\/tvtecjundiai.com.br\/news\/wp-content\/uploads\/sites\/2\/2021\/07\/prefeito_visita_recap_adelino_martins_tulipas-69-1200x800.jpg 1200w, https:\/\/tvtecjundiai.com.br\/news\/wp-content\/uploads\/sites\/2\/2021\/07\/prefeito_visita_recap_adelino_martins_tulipas-69-300x200.jpg 300w, https:\/\/tvtecjundiai.com.br\/news\/wp-content\/uploads\/sites\/2\/2021\/07\/prefeito_visita_recap_adelino_martins_tulipas-69-768x512.jpg 768w, https:\/\/tvtecjundiai.com.br\/news\/wp-content\/uploads\/sites\/2\/2021\/07\/prefeito_visita_recap_adelino_martins_tulipas-69.jpg 1280w\" sizes=\"auto, (max-width: 1200px) 100vw, 1200px\" \/><figcaption>Ap\u00f3s fase de recapeamento, via receber\u00e1 toda a sinaliza\u00e7\u00e3o de tr\u00e2nsito no prazo de 15 dias<\/figcaption><\/figure>\n\n\n\n<p>\u201cO Jardim das Tulipas, assim como outros bairros pr\u00f3ximos, tem crescido e se desenvolvido. Nossos investimentos em infraestrutura acompanham esse crescimento\u201d, declara o prefeito. \u201cNos \u00faltimos quatro anos levamos asfalto para diferentes regi\u00f5es de Jundia\u00ed, incluindo bairros rurais que h\u00e1 anos aguardavam a chegada desse investimento. Isso significa mais qualidade de vida para quem vive nessas localidades.\u201d<\/p>\n\n\n\n<p>O gestor de Infraestrutura e Servi\u00e7os P\u00fablicos, Adilson Rosa, lembra que ve\u00edculos pesados transitam pela Adelino Martins, incluindo \u00f4nibus do transporte p\u00fablico. \u201c\u00c9 uma \u00e1rea muito importante, com muitos com\u00e9rcios e empresas, \u00e9 a via que d\u00e1 entrada ao bairro\u201d, explica.<\/p>\n\n\n\n<p>Quem est\u00e1 satisfeito com a obra do asfalto e outros avan\u00e7os \u00e9 o aut\u00f4nomo Michel Estev\u00e3o Giareta, morador do Jardim das Tulipas h\u00e1 24 anos. \u201cEu passo muito por aqui, e era algo que cobrava bastante\u201d, informa. \u201cNosso bairro est\u00e1 melhorando cada vez mais, n\u00e3o apenas com o asfalto, mas com outros investimentos importantes, como a instala\u00e7\u00e3o de c\u00e2meras de seguran\u00e7a\u201d.<\/p>\n\n\n\n<figure class=\"wp-block-image size-large\"><img loading=\"lazy\" decoding=\"async\" width=\"1200\" height=\"801\" src=\"https:\/\/tvtecjundiai.com.br\/news\/wp-content\/uploads\/sites\/2\/2021\/07\/prefeito_visita_recap_adelino_martins_tulipas-41-1200x801.jpg\" alt=\"\" class=\"wp-image-79498\" srcset=\"https:\/\/tvtecjundiai.com.br\/news\/wp-content\/uploads\/sites\/2\/2021\/07\/prefeito_visita_recap_adelino_martins_tulipas-41-1200x801.jpg 1200w, https:\/\/tvtecjundiai.com.br\/news\/wp-content\/uploads\/sites\/2\/2021\/07\/prefeito_visita_recap_adelino_martins_tulipas-41-300x200.jpg 300w, https:\/\/tvtecjundiai.com.br\/news\/wp-content\/uploads\/sites\/2\/2021\/07\/prefeito_visita_recap_adelino_martins_tulipas-41-768x512.jpg 768w, https:\/\/tvtecjundiai.com.br\/news\/wp-content\/uploads\/sites\/2\/2021\/07\/prefeito_visita_recap_adelino_martins_tulipas-41.jpg 1280w\" sizes=\"auto, (max-width: 1200px) 100vw, 1200px\" \/><figcaption>Em visita t\u00e9cnica \u00e0 rua com obras, prefeito Luiz Fernando destacou a maior qualidade de vida para quem vive no bairro<\/figcaption><\/figure>\n\n\n\n<p>As obras de recapeamento na Adelino Martins est\u00e3o previstas para terminar ainda esta semana. Em seguida, ser\u00e1 feita toda a sinaliza\u00e7\u00e3o de tr\u00e2nsito, com a pintura da via, com previs\u00e3o de 15 dias.<\/p>\n\n\n\n<p>Tamb\u00e9m estiveram na visita t\u00e9cnica o vereador Edicarlos Vieira, o vice-prefeito Gustavo Martinelli e o gestor de Mobilidade e Transporte, Aloysio Queiroz.<\/p>\n\n\n\n<p><em>(Texto\/Imagem: Prefeitura de Jundia\u00ed)<\/em><\/p>\n","protected":false},"excerpt":{"rendered":"<p>As obras de recapeamento na Adelino Martins est\u00e3o previstas para terminar ainda esta semana<\/p>\n","protected":false},"author":28,"featured_media":79497,"comment_status":"closed","ping_status":"closed","sticky":false,"template":"","format":"standard","meta":{"footnotes":""},"categories":[8356,1],"tags":[],"class_list":["post-79496","post","type-post","status-publish","format-standard","has-post-thumbnail","hentry","category-jundiai","category-noticias"],"_links":{"self":[{"href":"https:\/\/tvtecjundiai.com.br\/news\/wp-json\/wp\/v2\/posts\/79496","targetHints":{"allow":["GET"]}}],"collection":[{"href":"https:\/\/tvtecjundiai.com.br\/news\/wp-json\/wp\/v2\/posts"}],"about":[{"href":"https:\/\/tvtecjundiai.com.br\/news\/wp-json\/wp\/v2\/types\/post"}],"author":[{"embeddable":true,"href":"https:\/\/tvtecjundiai.com.br\/news\/wp-json\/wp\/v2\/users\/28"}],"replies":[{"embeddable":true,"href":"https:\/\/tvtecjundiai.com.br\/news\/wp-json\/wp\/v2\/comments?post=79496"}],"version-history":[{"count":1,"href":"https:\/\/tvtecjundiai.com.br\/news\/wp-json\/wp\/v2\/posts\/79496\/revisions"}],"predecessor-version":[{"id":79499,"href":"https:\/\/tvtecjundiai.com.br\/news\/wp-json\/wp\/v2\/posts\/79496\/revisions\/79499"}],"wp:featuredmedia":[{"embeddable":true,"href":"https:\/\/tvtecjundiai.com.br\/news\/wp-json\/wp\/v2\/media\/79497"}],"wp:attachment":[{"href":"https:\/\/tvtecjundiai.com.br\/news\/wp-json\/wp\/v2\/media?parent=79496"}],"wp:term":[{"taxonomy":"category","embeddable":true,"href":"https:\/\/tvtecjundiai.com.br\/news\/wp-json\/wp\/v2\/categories?post=79496"},{"taxonomy":"post_tag","embeddable":true,"href":"https:\/\/tvtecjundiai.com.br\/news\/wp-json\/wp\/v2\/tags?post=79496"}],"curies":[{"name":"wp","href":"https:\/\/api.w.org\/{rel}","templated":true}]}}