{"id":79501,"date":"2021-07-19T15:35:32","date_gmt":"2021-07-19T18:35:32","guid":{"rendered":"https:\/\/tvtecjundiai.com.br\/news\/?p=79501"},"modified":"2021-07-19T15:36:42","modified_gmt":"2021-07-19T18:36:42","slug":"deus-me-deu-uma-outra-oportunidade-de-viver-diz-sobrevivente-da-covid-19","status":"publish","type":"post","link":"https:\/\/tvtecjundiai.com.br\/news\/2021\/07\/19\/deus-me-deu-uma-outra-oportunidade-de-viver-diz-sobrevivente-da-covid-19\/","title":{"rendered":"\u201cDeus me deu uma outra oportunidade de viver\u201d, diz sobrevivente da COVID-19"},"content":{"rendered":"\n<p>O motorista de aplicativo Sander, de 38 anos, vivenciou momentos dif\u00edceis ao contrair o v\u00edrus da COVID-19 no in\u00edcio de janeiro. O que parecia ser algo simples, se transformou em um teste de sobreviv\u00eancia. \u201cEle fez um raio-X e disse: \u2018ah, voc\u00ea tem s\u00f3 uma manchinha no pulm\u00e3o. \u00c9 coisa m\u00ednima\u201d, lembra Sander do que ouviu de um enfermeiro, um pouco antes de ser internado com o oxig\u00eanio.<\/p>\n\n\n\n<p>Depois disso, Sander viu sua situa\u00e7\u00e3o f\u00edsica piorar, enquanto ficava mais e mais dias no hospital, sem poder ver a fam\u00edlia. \u201cEu fui no hospital sentinela e quando eu sa\u00ed do carro, eu percebi que o neg\u00f3cio estava feio. Eu n\u00e3o consegui chegar, o seguran\u00e7a veio me ajudar, eu percebi na hora: eu pensei \u00e9 COVID-19. Porque naquele momento me deu a falta de ar e eu n\u00e3o consegui chegar no guich\u00ea para ser atendido\u201d, conta.<\/p>\n\n\n\n<p>Foram nove dias de interna\u00e7\u00e3o e cinco dias na UTI do Hospital S\u00e3o Vicente de Paulo. Com a satura\u00e7\u00e3o em 75%, os m\u00e9dicos chegaram a perder as esperan\u00e7as dele sair com vida.<\/p>\n\n\n\n<figure class=\"wp-block-image size-large\"><img loading=\"lazy\" decoding=\"async\" width=\"960\" height=\"540\" src=\"https:\/\/tvtecjundiai.com.br\/news\/wp-content\/uploads\/sites\/2\/2021\/07\/sander2.jpg\" alt=\"\" class=\"wp-image-79502\" srcset=\"https:\/\/tvtecjundiai.com.br\/news\/wp-content\/uploads\/sites\/2\/2021\/07\/sander2.jpg 960w, https:\/\/tvtecjundiai.com.br\/news\/wp-content\/uploads\/sites\/2\/2021\/07\/sander2-300x169.jpg 300w, https:\/\/tvtecjundiai.com.br\/news\/wp-content\/uploads\/sites\/2\/2021\/07\/sander2-768x432.jpg 768w\" sizes=\"auto, (max-width: 960px) 100vw, 960px\" \/><figcaption>Sander ao lado da esposa: depois da COVID-19, uma nova chance de viver<\/figcaption><\/figure>\n\n\n\n<p>Sander descobriu que estava com a doen\u00e7a, depois de ter febre e diarreia por tr\u00eas dias. Depois de seguir para a interna\u00e7\u00e3o no Hospital S\u00e3o Vicente, a m\u00e9dica informou que ele teria que ir para a UTI: \u201cali meu mundo caiu\u201d.<\/p>\n\n\n\n<p>Depois da melhora, Sander recebeu a not\u00edcia de que teria alta. \u201cQuando eu fiquei sabendo que eu ia receber alta, acho que foi a melhor not\u00edcia da minha vida\u201d, lembra o motorista. Ao ir para casa, Sander p\u00f4de, enfim, abra\u00e7ar a esposa e as filhas, j\u00e1 que o risco de transmiss\u00e3o n\u00e3o existia mais.<\/p>\n\n\n\n<p>\u201cNos \u00faltimos dias que eu estava l\u00e1, eu estava tra\u00e7ando uma nova meta de vida, eu aprendi a enxergar num momento ruim, alguma coisa boa. Eu acredito que eu tive uma outra oportunidade, Deus me deu uma outra oportunidade de viver\u201d, comemora Sander.<\/p>\n\n\n\n<p><em>(Texto: TVTEC\/Imagem: Divulga\u00e7\u00e3o)<\/em><\/p>\n\n\n\n<figure class=\"wp-block-embed is-type-video is-provider-youtube wp-block-embed-youtube wp-embed-aspect-16-9 wp-has-aspect-ratio\"><div class=\"wp-block-embed__wrapper\">\n<iframe loading=\"lazy\" title=\"Sander vence a COVID-19 ap\u00f3s nove dias internado\" width=\"500\" height=\"281\" src=\"https:\/\/www.youtube.com\/embed\/-z9tKP9rP-8?feature=oembed\" frameborder=\"0\" allow=\"accelerometer; autoplay; clipboard-write; encrypted-media; gyroscope; picture-in-picture; web-share\" referrerpolicy=\"strict-origin-when-cross-origin\" allowfullscreen><\/iframe>\n<\/div><\/figure>\n","protected":false},"excerpt":{"rendered":"<p>Sander ficou 14 dias internados por conta da doen\u00e7a e acredita que teve uma segunda chance de viver<\/p>\n","protected":false},"author":28,"featured_media":79502,"comment_status":"closed","ping_status":"closed","sticky":false,"template":"","format":"standard","meta":{"footnotes":""},"categories":[8356,1],"tags":[],"class_list":["post-79501","post","type-post","status-publish","format-standard","has-post-thumbnail","hentry","category-jundiai","category-noticias"],"_links":{"self":[{"href":"https:\/\/tvtecjundiai.com.br\/news\/wp-json\/wp\/v2\/posts\/79501","targetHints":{"allow":["GET"]}}],"collection":[{"href":"https:\/\/tvtecjundiai.com.br\/news\/wp-json\/wp\/v2\/posts"}],"about":[{"href":"https:\/\/tvtecjundiai.com.br\/news\/wp-json\/wp\/v2\/types\/post"}],"author":[{"embeddable":true,"href":"https:\/\/tvtecjundiai.com.br\/news\/wp-json\/wp\/v2\/users\/28"}],"replies":[{"embeddable":true,"href":"https:\/\/tvtecjundiai.com.br\/news\/wp-json\/wp\/v2\/comments?post=79501"}],"version-history":[{"count":2,"href":"https:\/\/tvtecjundiai.com.br\/news\/wp-json\/wp\/v2\/posts\/79501\/revisions"}],"predecessor-version":[{"id":79506,"href":"https:\/\/tvtecjundiai.com.br\/news\/wp-json\/wp\/v2\/posts\/79501\/revisions\/79506"}],"wp:featuredmedia":[{"embeddable":true,"href":"https:\/\/tvtecjundiai.com.br\/news\/wp-json\/wp\/v2\/media\/79502"}],"wp:attachment":[{"href":"https:\/\/tvtecjundiai.com.br\/news\/wp-json\/wp\/v2\/media?parent=79501"}],"wp:term":[{"taxonomy":"category","embeddable":true,"href":"https:\/\/tvtecjundiai.com.br\/news\/wp-json\/wp\/v2\/categories?post=79501"},{"taxonomy":"post_tag","embeddable":true,"href":"https:\/\/tvtecjundiai.com.br\/news\/wp-json\/wp\/v2\/tags?post=79501"}],"curies":[{"name":"wp","href":"https:\/\/api.w.org\/{rel}","templated":true}]}}