{"id":79541,"date":"2021-07-20T12:43:39","date_gmt":"2021-07-20T15:43:39","guid":{"rendered":"https:\/\/tvtecjundiai.com.br\/news\/?p=79541"},"modified":"2021-07-20T12:43:40","modified_gmt":"2021-07-20T15:43:40","slug":"hospital-sao-vicente-participa-de-projeto-voltado-a-melhorias-em-seu-bloco-cirurgico","status":"publish","type":"post","link":"https:\/\/tvtecjundiai.com.br\/news\/2021\/07\/20\/hospital-sao-vicente-participa-de-projeto-voltado-a-melhorias-em-seu-bloco-cirurgico\/","title":{"rendered":"Hospital S\u00e3o Vicente participa de projeto voltado a melhorias em seu Bloco Cir\u00fargico"},"content":{"rendered":"\n<p>A equipe do Hospital de Caridade S\u00e3o Vicente de Paulo (HSV) participou nesta segunda-feira, dia 19, de mais uma etapa do projeto \u201cGuardi\u00f5es da Central\u201d, iniciado em mar\u00e7o deste ano. A iniciativa \u00e9 da 3M Company \u2013 multinacional americana que envolve pessoas, processos e tecnologia no aux\u00edlio ao combate e redu\u00e7\u00e3o de infec\u00e7\u00f5es hospitalares no Bloco Cir\u00fargico (Centro Cir\u00fargico e Central de Materiais Esterelizados \u2013 CME).\u00a0 A iniciativa tem sido desenvolvida para toda Am\u00e9rica Latina. No HSV as atividades devem ser realizadas at\u00e9 o m\u00eas de novembro com suporte das equipes Assistencial, Qualidade e Educa\u00e7\u00e3o Corporativa.<\/p>\n\n\n\n<div class=\"wp-block-image\"><figure class=\"alignright size-medium is-resized\"><a href=\"https:\/\/tvtecjundiai.com.br\/news\/wp-content\/uploads\/sites\/2\/2021\/07\/Equipe-comemora-o-certificado-Guardioes-da-Central.jpg\"><img loading=\"lazy\" decoding=\"async\" src=\"https:\/\/tvtecjundiai.com.br\/news\/wp-content\/uploads\/sites\/2\/2021\/07\/Equipe-comemora-o-certificado-Guardioes-da-Central-300x185.jpg\" alt=\"\" class=\"wp-image-79542\" width=\"480\" height=\"296\" srcset=\"https:\/\/tvtecjundiai.com.br\/news\/wp-content\/uploads\/sites\/2\/2021\/07\/Equipe-comemora-o-certificado-Guardioes-da-Central-300x185.jpg 300w, https:\/\/tvtecjundiai.com.br\/news\/wp-content\/uploads\/sites\/2\/2021\/07\/Equipe-comemora-o-certificado-Guardioes-da-Central-1200x741.jpg 1200w, https:\/\/tvtecjundiai.com.br\/news\/wp-content\/uploads\/sites\/2\/2021\/07\/Equipe-comemora-o-certificado-Guardioes-da-Central-768x474.jpg 768w, https:\/\/tvtecjundiai.com.br\/news\/wp-content\/uploads\/sites\/2\/2021\/07\/Equipe-comemora-o-certificado-Guardioes-da-Central.jpg 1280w\" sizes=\"auto, (max-width: 480px) 100vw, 480px\" \/><\/a><figcaption>Equipe comemora certifica\u00e7\u00e3o Guardi\u00f5es da Central, em parceria com 3M<\/figcaption><\/figure><\/div>\n\n\n\n<p>Para os pacientes o programa representa que a institui\u00e7\u00e3o busca oferecer cada vez mais seguran\u00e7a para quem utiliza seus servi\u00e7os, bem como alta qualifica\u00e7\u00e3o de sua equipe, contribuindo de forma essencial para o sucesso de tratamentos e cirurgias.<\/p>\n\n\n\n<p>\u201cEsta iniciativa agrega muitos valores, desde o entendimento da legisla\u00e7\u00e3o at\u00e9 a import\u00e2ncia da assist\u00eancia prestada ao paciente de forma indireta. Porque a nossa equipe (CME) n\u00e3o tem a rela\u00e7\u00e3o direta com o paciente, mas cada um dos 20 mil equipamentos esterilizados ao m\u00eas, \u00e9 considerado um paciente diferente, por isso essa equipe desempenha um papel essencial na implanta\u00e7\u00e3o de processos seguros na limpeza, desinfec\u00e7\u00e3o e esteriliza\u00e7\u00e3o de dispositivos m\u00e9dicos, contribuindo para a seguran\u00e7a do paciente\u201d, destaca a enfermeira Elaine&nbsp;Cristina Capobianco Ribeiro supervisora da CME.<\/p>\n\n\n\n<p>Seguindo todos os protocolos de seguran\u00e7a as atividades desta segunda-feira contaram com a intermedia\u00e7\u00e3o das representantes da 3M, Vanessa Melo e Michele Berardo, por meio de videoconfer\u00eancia com a enfermeira S\u00edlvia Cunha. De in\u00edcio os participantes recebem uma certifica\u00e7\u00e3o, se comprometendo com a inciativa e aplica\u00e7\u00f5es pr\u00e1ticas de todo o aprendizado. \u201c\u00c9 muito motivador ver a equipe engajada no projeto, isso estimula que cada um possa dar o seu melhor\u201d, diz a enfermeira.<\/p>\n\n\n\n<p>O programa hospitalar da 3M tem como principais fundamentos o combate a infec\u00e7\u00f5es hospitalares, implanta\u00e7\u00e3o de processos na CME baseados em refer\u00eancias e recomenda\u00e7\u00f5es internacionais e nacionais; promover pr\u00e1ticas seguras; fornecer ferramentas para melhorar indicadores da CME \u2013 tanto quanto a produtividade quanto a redu\u00e7\u00e3o de uso de material n\u00e3o est\u00e9ril no paciente, e finalmente, cumprir todos os requisitos na legisla\u00e7\u00e3o sanit\u00e1ria vigente.<\/p>\n\n\n\n<p><em>(Fonte\/Imagem: Assessoria HSV)<\/em><\/p>\n","protected":false},"excerpt":{"rendered":"<p>A\u00e7\u00e3o \u00e9 uma parceria com a multinacional americana 3M Company<\/p>\n","protected":false},"author":17,"featured_media":79542,"comment_status":"closed","ping_status":"closed","sticky":false,"template":"","format":"standard","meta":{"footnotes":""},"categories":[8356,1,2839],"tags":[3689],"class_list":["post-79541","post","type-post","status-publish","format-standard","has-post-thumbnail","hentry","category-jundiai","category-noticias","category-saude","tag-hospital-sao-vicente-de-paulo"],"_links":{"self":[{"href":"https:\/\/tvtecjundiai.com.br\/news\/wp-json\/wp\/v2\/posts\/79541","targetHints":{"allow":["GET"]}}],"collection":[{"href":"https:\/\/tvtecjundiai.com.br\/news\/wp-json\/wp\/v2\/posts"}],"about":[{"href":"https:\/\/tvtecjundiai.com.br\/news\/wp-json\/wp\/v2\/types\/post"}],"author":[{"embeddable":true,"href":"https:\/\/tvtecjundiai.com.br\/news\/wp-json\/wp\/v2\/users\/17"}],"replies":[{"embeddable":true,"href":"https:\/\/tvtecjundiai.com.br\/news\/wp-json\/wp\/v2\/comments?post=79541"}],"version-history":[{"count":2,"href":"https:\/\/tvtecjundiai.com.br\/news\/wp-json\/wp\/v2\/posts\/79541\/revisions"}],"predecessor-version":[{"id":79544,"href":"https:\/\/tvtecjundiai.com.br\/news\/wp-json\/wp\/v2\/posts\/79541\/revisions\/79544"}],"wp:featuredmedia":[{"embeddable":true,"href":"https:\/\/tvtecjundiai.com.br\/news\/wp-json\/wp\/v2\/media\/79542"}],"wp:attachment":[{"href":"https:\/\/tvtecjundiai.com.br\/news\/wp-json\/wp\/v2\/media?parent=79541"}],"wp:term":[{"taxonomy":"category","embeddable":true,"href":"https:\/\/tvtecjundiai.com.br\/news\/wp-json\/wp\/v2\/categories?post=79541"},{"taxonomy":"post_tag","embeddable":true,"href":"https:\/\/tvtecjundiai.com.br\/news\/wp-json\/wp\/v2\/tags?post=79541"}],"curies":[{"name":"wp","href":"https:\/\/api.w.org\/{rel}","templated":true}]}}