{"id":79705,"date":"2021-07-23T12:42:29","date_gmt":"2021-07-23T15:42:29","guid":{"rendered":"https:\/\/tvtecjundiai.com.br\/news\/?p=79705"},"modified":"2021-07-23T12:42:36","modified_gmt":"2021-07-23T15:42:36","slug":"novos-integrantes-do-conselho-de-esporte-e-lazer-tomam-posse-e-elegem-mesa-diretora","status":"publish","type":"post","link":"https:\/\/tvtecjundiai.com.br\/news\/2021\/07\/23\/novos-integrantes-do-conselho-de-esporte-e-lazer-tomam-posse-e-elegem-mesa-diretora\/","title":{"rendered":"Novos integrantes do Conselho de Esporte e Lazer tomam posse e elegem mesa diretora"},"content":{"rendered":"\n<p>Em \u00e9poca de Olimp\u00edada, o Conselho Municipal de Esporte e Lazer iniciou os trabalhos e tomou posse na noite desta quinta-feira (22). Na ocasi\u00e3o, foi eleita a mesa diretora \u2013 com processo de elei\u00e7\u00e3o feito em forma virtual por conta da pandemia.<\/p>\n\n\n\n<p>Representante das entidades ligadas \u00e0s pessoas com defici\u00eancia, Gabriela Pupo Carneiro (Instituto Aica e do programa Empresto Minhas Pernas) foi eleita presidente do Conselho. M\u00e1rcia Pavan, representante do Poder P\u00fablico ser\u00e1 a vice-presidente do Conselho, com Afonso Ant\u00f4nio Machado, representante da Associa\u00e7\u00e3o Esportiva, ser\u00e1 o primeiro secret\u00e1rio, com Gl\u00e1ucia Censi, do Poder P\u00fablico, como segunda secret\u00e1ria.<\/p>\n\n\n\n<p>\u201cQuer\u00edamos muito reativar o Conselho de Esporte e Lazer. O conselho \u00e9 consultivo e que n\u00f3s possamos ter muitas ideias aqui trazendo temas para debate para que transformemos na pr\u00e1tica e vejamos o fruto desta discuss\u00e3o. O Conselho vai nos ajudar a pensar o esporte da cidade. \u00c9 uma miss\u00e3o que n\u00e3o \u00e9 f\u00e1cil, mas \u00e9 gratificante \u201d, disse o gestor de Esporte e Lazer (UGEL), Lu\u00eds Claudio Tarallo.<\/p>\n\n\n\n<p>O Gestor da Casa Civil Gustavo Maryssael de Campos, gestor da Unidade de Gest\u00e3o da Casa Civil (UGCC), \u00e0 qual o CMEL \u00e9 vinculado, deu as boas-vindas aos novos integrantes do Conselho.\u00a0 \u201cDou muita import\u00e2ncia ao trabalho dos conselhos municipais. Os conselhos pela forma\u00e7\u00e3o estrutural que eles t\u00eam se revelam como um instrumento potente e interessante da rela\u00e7\u00e3o entre o Poder P\u00fablico e a sociedade. A paridade entre a sociedade civil e o Poder P\u00fablico \u00e9 algo fundamental para que cada segmento na \u00e1rea do Esporte e Lazer consiga trazer para discuss\u00e3o suas demandas e anseios, refletindo na cria\u00e7\u00e3o das pol\u00edticas p\u00fablicas necess\u00e1rias. \u00c9 um espa\u00e7o de troca de ideias\u201d, afirma.<\/p>\n\n\n\n<figure class=\"wp-block-image size-large\"><img loading=\"lazy\" decoding=\"async\" width=\"1200\" height=\"479\" src=\"https:\/\/tvtecjundiai.com.br\/news\/wp-content\/uploads\/sites\/2\/2021\/07\/ugel-cons-1-1200x479.jpg\" alt=\"\" class=\"wp-image-79706\" srcset=\"https:\/\/tvtecjundiai.com.br\/news\/wp-content\/uploads\/sites\/2\/2021\/07\/ugel-cons-1-1200x479.jpg 1200w, https:\/\/tvtecjundiai.com.br\/news\/wp-content\/uploads\/sites\/2\/2021\/07\/ugel-cons-1-300x120.jpg 300w, https:\/\/tvtecjundiai.com.br\/news\/wp-content\/uploads\/sites\/2\/2021\/07\/ugel-cons-1-768x307.jpg 768w, https:\/\/tvtecjundiai.com.br\/news\/wp-content\/uploads\/sites\/2\/2021\/07\/ugel-cons-1.jpg 1269w\" sizes=\"auto, (max-width: 1200px) 100vw, 1200px\" \/><figcaption>Reuni\u00e3o definiu mesa do diretora entre os novos integrantes do Conselho Municipal de Esporte e Lazer<br><\/figcaption><\/figure>\n\n\n\n<p>O vice-prefeito Gustavo Martinelli tamb\u00e9m enalteceu o trabalho do Conselho. \u201c\u00c9 um desafio resgatar o esporte na cidade. Tenho uma paix\u00e3o pelo esporte e todos temos o desafio de fazer um esporte que agregue. Ap\u00f3s a pandemia, muita gente vai procurar o esporte, qualidade de vida e nossos centros esportivos.\u201d<\/p>\n\n\n\n<p>O presidente da C\u00e2mara Municipal, o vereador Faouaz Taha&nbsp; reiterou a disponibilidade do Legislativo para a discuss\u00e3o das pautas e enalteceu o papel do Conselho no debate de temas importantes para a sociedade na constru\u00e7\u00e3o de pol\u00edticas p\u00fablicas.<\/p>\n\n\n\n<p>Afonso Ant\u00f4nio Machado, representante titular do segmento Associa\u00e7\u00e3o Esportiva, destacou a participa\u00e7\u00e3o da sociedade civil no conselho. Estamos todos com o mesmo objetivo em tornar o esporte de Jundia\u00ed cada vez mais forte.\u201d<\/p>\n\n\n\n<p>Gabriela Pupo, representante das entidades ligadas \u00e0s pessoas com defici\u00eancia e presidente do Conselho destacou o trabalho a ser feita. \u201cMe sinto honrada em participar do Conselho e representar os PCDs\u201d.<\/p>\n\n\n\n<p><em>(Fonte\/Imagem: Prefeitura de Jundia\u00ed)<\/em><\/p>\n","protected":false},"excerpt":{"rendered":"<p>O vice-prefeito Gustavo Martinelli enalteceu o trabalho do Conselho. <\/p>\n","protected":false},"author":27,"featured_media":79706,"comment_status":"closed","ping_status":"closed","sticky":false,"template":"","format":"standard","meta":{"footnotes":""},"categories":[2827,8356],"tags":[],"class_list":["post-79705","post","type-post","status-publish","format-standard","has-post-thumbnail","hentry","category-esportes-e-lazer","category-jundiai"],"_links":{"self":[{"href":"https:\/\/tvtecjundiai.com.br\/news\/wp-json\/wp\/v2\/posts\/79705","targetHints":{"allow":["GET"]}}],"collection":[{"href":"https:\/\/tvtecjundiai.com.br\/news\/wp-json\/wp\/v2\/posts"}],"about":[{"href":"https:\/\/tvtecjundiai.com.br\/news\/wp-json\/wp\/v2\/types\/post"}],"author":[{"embeddable":true,"href":"https:\/\/tvtecjundiai.com.br\/news\/wp-json\/wp\/v2\/users\/27"}],"replies":[{"embeddable":true,"href":"https:\/\/tvtecjundiai.com.br\/news\/wp-json\/wp\/v2\/comments?post=79705"}],"version-history":[{"count":1,"href":"https:\/\/tvtecjundiai.com.br\/news\/wp-json\/wp\/v2\/posts\/79705\/revisions"}],"predecessor-version":[{"id":79708,"href":"https:\/\/tvtecjundiai.com.br\/news\/wp-json\/wp\/v2\/posts\/79705\/revisions\/79708"}],"wp:featuredmedia":[{"embeddable":true,"href":"https:\/\/tvtecjundiai.com.br\/news\/wp-json\/wp\/v2\/media\/79706"}],"wp:attachment":[{"href":"https:\/\/tvtecjundiai.com.br\/news\/wp-json\/wp\/v2\/media?parent=79705"}],"wp:term":[{"taxonomy":"category","embeddable":true,"href":"https:\/\/tvtecjundiai.com.br\/news\/wp-json\/wp\/v2\/categories?post=79705"},{"taxonomy":"post_tag","embeddable":true,"href":"https:\/\/tvtecjundiai.com.br\/news\/wp-json\/wp\/v2\/tags?post=79705"}],"curies":[{"name":"wp","href":"https:\/\/api.w.org\/{rel}","templated":true}]}}