{"id":79767,"date":"2021-07-25T12:38:26","date_gmt":"2021-07-25T15:38:26","guid":{"rendered":"https:\/\/tvtecjundiai.com.br\/news\/?p=79767"},"modified":"2021-07-25T12:38:30","modified_gmt":"2021-07-25T15:38:30","slug":"fiscalizacao-guarda-municipal-dispersa-festa-clandestina-com-4-mil-pessoas","status":"publish","type":"post","link":"https:\/\/tvtecjundiai.com.br\/news\/2021\/07\/25\/fiscalizacao-guarda-municipal-dispersa-festa-clandestina-com-4-mil-pessoas\/","title":{"rendered":"Fiscaliza\u00e7\u00e3o: Guarda Municipal dispersa festa clandestina com 4 mil pessoas"},"content":{"rendered":"\n<h2 class=\"wp-block-heading\"><\/h2>\n\n\n\n<p><\/p>\n\n\n\n<p>Ap\u00f3s den\u00fancia e acompanhamento do sistema de intelig\u00eancia da Guarda Municipal de Jundia\u00ed ao longo da semana, uma festa clandestina foi encerrada na noite de s\u00e1bado, na regi\u00e3o do Jundia\u00ed Mirim. O espa\u00e7o contava com cerca de 4 mil pessoas. As equipes da for\u00e7a de seguran\u00e7a municipal realizaram a dispers\u00e3o e orienta\u00e7\u00e3o ao propriet\u00e1rio do espa\u00e7o sobre a irregularidade.<\/p>\n\n\n\n<p>De acordo com dados da GM, o evento tinha cobran\u00e7a de ingresso e com\u00e9rcio de bebidas alco\u00f3licas. \u201cDesde o in\u00edcio da pandemia do Novo Coronav\u00edrus, com a atua\u00e7\u00e3o da GM em parceria com os demais \u00f3rg\u00e3os municipais para a conten\u00e7\u00e3o de aglomera\u00e7\u00f5es, este \u00e9 o maior evento registrado e dispersado. A orienta\u00e7\u00e3o para a popula\u00e7\u00e3o \u00e9 que denuncie caso identifique a realiza\u00e7\u00e3o de eventos. \u00c9 essencial manter os cuidados de distanciamento e uso de m\u00e1scara para que seja poss\u00edvel superar a COVID-19\u201d, comenta o comandante da GM, Benedito Marcos Moreno.<\/p>\n\n\n\n<figure class=\"wp-block-image\"><img decoding=\"async\" src=\"https:\/\/jundiai.sp.gov.br\/noticias\/wp-content\/uploads\/sites\/32\/2021\/07\/foto-gm-jdmirim2.jpeg\" alt=\"\" class=\"wp-image-272983\" \/><figcaption>Equipes chegaram ao local ap\u00f3s den\u00fancia e trabalho de investiga\u00e7\u00e3o<\/figcaption><\/figure>\n\n\n\n<p><\/p>\n\n\n\n<p><em>Fonte: Prefeitura de Jundia\u00ed<\/em><\/p>\n","protected":false},"excerpt":{"rendered":"<p>Dispers\u00e3o foi realizada ap\u00f3s orienta\u00e7\u00e3o dos integrantes da GM na regi\u00e3o do Jundia\u00ed Mirim<\/p>\n","protected":false},"author":24,"featured_media":79768,"comment_status":"closed","ping_status":"closed","sticky":false,"template":"","format":"standard","meta":{"footnotes":""},"categories":[3060,8356,1,4739],"tags":[],"class_list":["post-79767","post","type-post","status-publish","format-standard","has-post-thumbnail","hentry","category-geral","category-jundiai","category-noticias","category-policia"],"_links":{"self":[{"href":"https:\/\/tvtecjundiai.com.br\/news\/wp-json\/wp\/v2\/posts\/79767","targetHints":{"allow":["GET"]}}],"collection":[{"href":"https:\/\/tvtecjundiai.com.br\/news\/wp-json\/wp\/v2\/posts"}],"about":[{"href":"https:\/\/tvtecjundiai.com.br\/news\/wp-json\/wp\/v2\/types\/post"}],"author":[{"embeddable":true,"href":"https:\/\/tvtecjundiai.com.br\/news\/wp-json\/wp\/v2\/users\/24"}],"replies":[{"embeddable":true,"href":"https:\/\/tvtecjundiai.com.br\/news\/wp-json\/wp\/v2\/comments?post=79767"}],"version-history":[{"count":1,"href":"https:\/\/tvtecjundiai.com.br\/news\/wp-json\/wp\/v2\/posts\/79767\/revisions"}],"predecessor-version":[{"id":79769,"href":"https:\/\/tvtecjundiai.com.br\/news\/wp-json\/wp\/v2\/posts\/79767\/revisions\/79769"}],"wp:featuredmedia":[{"embeddable":true,"href":"https:\/\/tvtecjundiai.com.br\/news\/wp-json\/wp\/v2\/media\/79768"}],"wp:attachment":[{"href":"https:\/\/tvtecjundiai.com.br\/news\/wp-json\/wp\/v2\/media?parent=79767"}],"wp:term":[{"taxonomy":"category","embeddable":true,"href":"https:\/\/tvtecjundiai.com.br\/news\/wp-json\/wp\/v2\/categories?post=79767"},{"taxonomy":"post_tag","embeddable":true,"href":"https:\/\/tvtecjundiai.com.br\/news\/wp-json\/wp\/v2\/tags?post=79767"}],"curies":[{"name":"wp","href":"https:\/\/api.w.org\/{rel}","templated":true}]}}