{"id":79867,"date":"2021-07-27T12:20:40","date_gmt":"2021-07-27T15:20:40","guid":{"rendered":"https:\/\/tvtecjundiai.com.br\/news\/?p=79867"},"modified":"2021-07-27T13:41:12","modified_gmt":"2021-07-27T16:41:12","slug":"obras-na-piscina-do-centro-esportivo-bolao-estao-em-fase-de-conclusao-1","status":"publish","type":"post","link":"https:\/\/tvtecjundiai.com.br\/news\/2021\/07\/27\/obras-na-piscina-do-centro-esportivo-bolao-estao-em-fase-de-conclusao-1\/","title":{"rendered":"Melhorias na piscina do Bol\u00e3o est\u00e3o em fase de conclus\u00e3o em Jundia\u00ed"},"content":{"rendered":"\n<p>A arquibancada e os vesti\u00e1rios da piscina do Complexo Educacional, Cultural e Esportivo (CECE) Dr. Nicolino de Lucca, o Bol\u00e3o, est\u00e3o na reta final de constru\u00e7\u00e3o. As interven\u00e7\u00f5es na \u00e1rea aqu\u00e1tica foram iniciadas com a moderniza\u00e7\u00e3o do sistema de aquecimento, constru\u00e7\u00e3o de arquibancada coberta e vesti\u00e1rio, al\u00e9m de salas para educadores esportivos e representam investimento de R$ 1.411.766,59 realizados pela Prefeitura de Jundia\u00ed, a partir da Unidade de Gest\u00e3o de Esporte e Lazer (UGEL).<\/p>\n\n\n\n<p>As melhorias no equipamento representam avan\u00e7os tanto para os alunos e usu\u00e1rios do espa\u00e7o como para as fam\u00edlias, j\u00e1 que a piscina, que tem medidas oficiais para a realiza\u00e7\u00e3o de atividades esportivas e \u00e9 acess\u00edvel para a pessoas com necessidades especiais, atender\u00e1 n\u00e3o somente os alunos das atividades da UGEL quanto eventos esportivos.<\/p>\n\n\n\n<figure class=\"wp-block-image size-large\"><img loading=\"lazy\" decoding=\"async\" width=\"1200\" height=\"800\" src=\"https:\/\/tvtecjundiai.com.br\/news\/wp-content\/uploads\/sites\/2\/2021\/07\/arquibancada-bolao-32-1200x800.jpg\" alt=\"\" class=\"wp-image-79868\" srcset=\"https:\/\/tvtecjundiai.com.br\/news\/wp-content\/uploads\/sites\/2\/2021\/07\/arquibancada-bolao-32-1200x800.jpg 1200w, https:\/\/tvtecjundiai.com.br\/news\/wp-content\/uploads\/sites\/2\/2021\/07\/arquibancada-bolao-32-300x200.jpg 300w, https:\/\/tvtecjundiai.com.br\/news\/wp-content\/uploads\/sites\/2\/2021\/07\/arquibancada-bolao-32-768x512.jpg 768w, https:\/\/tvtecjundiai.com.br\/news\/wp-content\/uploads\/sites\/2\/2021\/07\/arquibancada-bolao-32.jpg 1280w\" sizes=\"auto, (max-width: 1200px) 100vw, 1200px\" \/><figcaption>Investimentos foram realizados em arquibancada e vesti\u00e1rios para o espa\u00e7o<br><\/figcaption><\/figure>\n\n\n\n<p>Para o gestor de Esporte e Lazer, Lu\u00eds Claudio Tarallo, o investimento \u00e9 um grande ganho para a popula\u00e7\u00e3o. \u201cTemos o registro de mais de mil atendimentos por semana, contando aulas e turmas. A estrutura moderna oferecer\u00e1 maior conforto e qualidade na presta\u00e7\u00e3o de servi\u00e7os para a popula\u00e7\u00e3o de Jundia\u00ed. Estamos muito felizes com a entrega que ser\u00e1 feita Prefeito Luiz Fernando Machado\u201d, comenta.<\/p>\n\n\n\n<p>\u201cPriorizamos a quest\u00e3o dos sanit\u00e1rios adaptados para cadeirantes e temos a certeza que ser\u00e1 um grande ganho para a comunidade\u201d, detalha a educadora e coordenadora esportiva do espa\u00e7o, Vanessa Rancoleta Nascimento.<\/p>\n\n\n\n<p><em>(Fonte\/Imagem: Prefeitura de Jundia\u00ed)<\/em><\/p>\n","protected":false},"excerpt":{"rendered":"<p>A reforma inclui a moderniza\u00e7\u00e3o do sistema de aquecimento, constru\u00e7\u00e3o de arquibancada coberta e vesti\u00e1rio.<\/p>\n","protected":false},"author":27,"featured_media":79868,"comment_status":"closed","ping_status":"closed","sticky":false,"template":"","format":"standard","meta":{"footnotes":""},"categories":[2827,8356],"tags":[],"class_list":["post-79867","post","type-post","status-publish","format-standard","has-post-thumbnail","hentry","category-esportes-e-lazer","category-jundiai"],"_links":{"self":[{"href":"https:\/\/tvtecjundiai.com.br\/news\/wp-json\/wp\/v2\/posts\/79867","targetHints":{"allow":["GET"]}}],"collection":[{"href":"https:\/\/tvtecjundiai.com.br\/news\/wp-json\/wp\/v2\/posts"}],"about":[{"href":"https:\/\/tvtecjundiai.com.br\/news\/wp-json\/wp\/v2\/types\/post"}],"author":[{"embeddable":true,"href":"https:\/\/tvtecjundiai.com.br\/news\/wp-json\/wp\/v2\/users\/27"}],"replies":[{"embeddable":true,"href":"https:\/\/tvtecjundiai.com.br\/news\/wp-json\/wp\/v2\/comments?post=79867"}],"version-history":[{"count":2,"href":"https:\/\/tvtecjundiai.com.br\/news\/wp-json\/wp\/v2\/posts\/79867\/revisions"}],"predecessor-version":[{"id":79874,"href":"https:\/\/tvtecjundiai.com.br\/news\/wp-json\/wp\/v2\/posts\/79867\/revisions\/79874"}],"wp:featuredmedia":[{"embeddable":true,"href":"https:\/\/tvtecjundiai.com.br\/news\/wp-json\/wp\/v2\/media\/79868"}],"wp:attachment":[{"href":"https:\/\/tvtecjundiai.com.br\/news\/wp-json\/wp\/v2\/media?parent=79867"}],"wp:term":[{"taxonomy":"category","embeddable":true,"href":"https:\/\/tvtecjundiai.com.br\/news\/wp-json\/wp\/v2\/categories?post=79867"},{"taxonomy":"post_tag","embeddable":true,"href":"https:\/\/tvtecjundiai.com.br\/news\/wp-json\/wp\/v2\/tags?post=79867"}],"curies":[{"name":"wp","href":"https:\/\/api.w.org\/{rel}","templated":true}]}}