{"id":79992,"date":"2021-07-29T10:19:31","date_gmt":"2021-07-29T13:19:31","guid":{"rendered":"https:\/\/tvtecjundiai.com.br\/news\/?p=79992"},"modified":"2021-07-29T10:20:09","modified_gmt":"2021-07-29T13:20:09","slug":"olimpiadas-rebeca-andrade-conquista-inedita-medalha-de-prata-para-o-brasil-na-ginastica-1","status":"publish","type":"post","link":"https:\/\/tvtecjundiai.com.br\/news\/2021\/07\/29\/olimpiadas-rebeca-andrade-conquista-inedita-medalha-de-prata-para-o-brasil-na-ginastica-1\/","title":{"rendered":"Olimp\u00edadas: Rebeca Andrade conquista in\u00e9dita medalha de prata para o Brasil na gin\u00e1stica"},"content":{"rendered":"\n<p>O Baile de Favela ecoou no p\u00f3dio das Olimp\u00edadas de T\u00f3quio. A m\u00fasica ainda estava na cabe\u00e7a de todos quando Rebeca Andrade colocou no peito a medalha de prata do individual geral nesta quinta-feira. A ginasta de 22 anos se tornou a primeira brasileira a conquistar uma medalha na gin\u00e1stica art\u00edstica dos Jogos Ol\u00edmpicos.<\/p>\n\n\n\n<p>Com 57,298 pontos, Rebeca s\u00f3 ficou atr\u00e1s da americana Sunisa Lee, que somou 57,433 pontos e manteve o dom\u00ednio do pa\u00eds na prova. O bronze foi para a russa Angelina Melnikova, com 57,199 pontos.<\/p>\n\n\n\n<p>E o ouro n\u00e3o veio por muito pouco, por um passo para fora no solo do Baile de Favela. Nada que diminua a conquista de Rebeca, que ainda vai disputar mais duas finais em T\u00f3quio: domingo no salto, e segunda-feira no solo. Mais duas chances de continuar escrevendo seu nome na hist\u00f3ria do esporte brasileiro.<\/p>\n\n\n\n<p>Estrela da gin\u00e1stica, Simone Biles n\u00e3o entrou em a\u00e7\u00e3o. Para cuidar da sa\u00fade mental, a ginasta ficou na arquibancada e vibrou bastante com as apresenta\u00e7\u00f5es de Rebeca e de Sunisa. Mesmo sem Simone, a final foi uma disputa de alto n\u00edvel, com apenas meio ponto separando a primeira da quarta colocada.<\/p>\n\n\n\n<div class=\"wp-block-image\"><figure class=\"aligncenter size-large\"><img loading=\"lazy\" decoding=\"async\" width=\"885\" height=\"960\" src=\"https:\/\/tvtecjundiai.com.br\/news\/wp-content\/uploads\/sites\/2\/2021\/07\/WhatsApp-Image-2021-07-29-at-10.17.14-885x960.jpeg\" alt=\"\" class=\"wp-image-79993\" \/><\/figure><\/div>\n\n\n\n<p><em>(Fonte: G1\/Imagem: Divulga\u00e7\u00e3o)<\/em><\/p>\n","protected":false},"excerpt":{"rendered":"<p>Ginasta de 22 anos se torna a primeira medalhista ol\u00edmpica da gin\u00e1stica feminina do Brasil.<\/p>\n","protected":false},"author":25,"featured_media":79993,"comment_status":"closed","ping_status":"closed","sticky":false,"template":"","format":"standard","meta":{"footnotes":""},"categories":[1],"tags":[],"class_list":["post-79992","post","type-post","status-publish","format-standard","has-post-thumbnail","hentry","category-noticias"],"_links":{"self":[{"href":"https:\/\/tvtecjundiai.com.br\/news\/wp-json\/wp\/v2\/posts\/79992","targetHints":{"allow":["GET"]}}],"collection":[{"href":"https:\/\/tvtecjundiai.com.br\/news\/wp-json\/wp\/v2\/posts"}],"about":[{"href":"https:\/\/tvtecjundiai.com.br\/news\/wp-json\/wp\/v2\/types\/post"}],"author":[{"embeddable":true,"href":"https:\/\/tvtecjundiai.com.br\/news\/wp-json\/wp\/v2\/users\/25"}],"replies":[{"embeddable":true,"href":"https:\/\/tvtecjundiai.com.br\/news\/wp-json\/wp\/v2\/comments?post=79992"}],"version-history":[{"count":1,"href":"https:\/\/tvtecjundiai.com.br\/news\/wp-json\/wp\/v2\/posts\/79992\/revisions"}],"predecessor-version":[{"id":79994,"href":"https:\/\/tvtecjundiai.com.br\/news\/wp-json\/wp\/v2\/posts\/79992\/revisions\/79994"}],"wp:featuredmedia":[{"embeddable":true,"href":"https:\/\/tvtecjundiai.com.br\/news\/wp-json\/wp\/v2\/media\/79993"}],"wp:attachment":[{"href":"https:\/\/tvtecjundiai.com.br\/news\/wp-json\/wp\/v2\/media?parent=79992"}],"wp:term":[{"taxonomy":"category","embeddable":true,"href":"https:\/\/tvtecjundiai.com.br\/news\/wp-json\/wp\/v2\/categories?post=79992"},{"taxonomy":"post_tag","embeddable":true,"href":"https:\/\/tvtecjundiai.com.br\/news\/wp-json\/wp\/v2\/tags?post=79992"}],"curies":[{"name":"wp","href":"https:\/\/api.w.org\/{rel}","templated":true}]}}