{"id":80044,"date":"2021-07-29T17:20:02","date_gmt":"2021-07-29T20:20:02","guid":{"rendered":"https:\/\/tvtecjundiai.com.br\/news\/?p=80044"},"modified":"2021-07-29T17:21:54","modified_gmt":"2021-07-29T20:21:54","slug":"quatro-linhas-de-onibus-voltam-a-operar-na-segunda-feira-2-1","status":"publish","type":"post","link":"https:\/\/tvtecjundiai.com.br\/news\/2021\/07\/29\/quatro-linhas-de-onibus-voltam-a-operar-na-segunda-feira-2-1\/","title":{"rendered":"Quatro linhas de \u00f4nibus voltam a operar na segunda-feira (02) em Jundia\u00ed"},"content":{"rendered":"\n<p>A Unidade de Mobilidade e Transporte (UGMT) informa que quatro linhas do transporte p\u00fablico municipal que atendem escolas voltam a operar a partir da pr\u00f3xima segunda-feira (2). S\u00e3o elas: 430 (Terminal Central \u2013 Etecvav), 480 (Terminal Rami \u2013 Etecvav), 446 (Novo Horizonte \u2013 Escola Jurandyr) e 460 (\u00c1gua Doce \u2013 Escola Jurandyr).<\/p>\n\n\n\n<p>A linha 480 (Terminal Rami \u2013 Etecvav) est\u00e1 sendo criada e substituir\u00e1 a 585, que ser\u00e1 extinta. Os terminais est\u00e3o recebendo informes sobre as altera\u00e7\u00f5es, com hor\u00e1rios e itiner\u00e1rios, fixados nas plataformas de embarque.<\/p>\n\n\n\n<p>Todos os hor\u00e1rios de \u00f4nibus podem ser consultados pelo usu\u00e1rio no site da Prefeitura de Jundia\u00ed e no APP Jundia\u00ed.<\/p>\n\n\n\n<figure class=\"wp-block-image size-large\"><img loading=\"lazy\" decoding=\"async\" width=\"1200\" height=\"801\" src=\"https:\/\/tvtecjundiai.com.br\/news\/wp-content\/uploads\/sites\/2\/2020\/03\/onibus-2-1280x854-1200x801.jpg\" alt=\"\" class=\"wp-image-47923\" srcset=\"https:\/\/tvtecjundiai.com.br\/news\/wp-content\/uploads\/sites\/2\/2020\/03\/onibus-2-1280x854-1200x801.jpg 1200w, https:\/\/tvtecjundiai.com.br\/news\/wp-content\/uploads\/sites\/2\/2020\/03\/onibus-2-1280x854-300x200.jpg 300w, https:\/\/tvtecjundiai.com.br\/news\/wp-content\/uploads\/sites\/2\/2020\/03\/onibus-2-1280x854-768x512.jpg 768w, https:\/\/tvtecjundiai.com.br\/news\/wp-content\/uploads\/sites\/2\/2020\/03\/onibus-2-1280x854.jpg 1280w\" sizes=\"auto, (max-width: 1200px) 100vw, 1200px\" \/><\/figure>\n\n\n\n<p><em>(Fonte: Prefeitura de Jundia\u00ed)<\/em><\/p>\n","protected":false},"excerpt":{"rendered":"<p>As quatro linhas que atendem escolas voltam a operar a partir da pr\u00f3xima segunda-feira (2).<\/p>\n","protected":false},"author":27,"featured_media":73261,"comment_status":"closed","ping_status":"closed","sticky":false,"template":"","format":"standard","meta":{"footnotes":""},"categories":[8356,3059],"tags":[],"class_list":["post-80044","post","type-post","status-publish","format-standard","has-post-thumbnail","hentry","category-jundiai","category-transportes"],"_links":{"self":[{"href":"https:\/\/tvtecjundiai.com.br\/news\/wp-json\/wp\/v2\/posts\/80044","targetHints":{"allow":["GET"]}}],"collection":[{"href":"https:\/\/tvtecjundiai.com.br\/news\/wp-json\/wp\/v2\/posts"}],"about":[{"href":"https:\/\/tvtecjundiai.com.br\/news\/wp-json\/wp\/v2\/types\/post"}],"author":[{"embeddable":true,"href":"https:\/\/tvtecjundiai.com.br\/news\/wp-json\/wp\/v2\/users\/27"}],"replies":[{"embeddable":true,"href":"https:\/\/tvtecjundiai.com.br\/news\/wp-json\/wp\/v2\/comments?post=80044"}],"version-history":[{"count":2,"href":"https:\/\/tvtecjundiai.com.br\/news\/wp-json\/wp\/v2\/posts\/80044\/revisions"}],"predecessor-version":[{"id":80048,"href":"https:\/\/tvtecjundiai.com.br\/news\/wp-json\/wp\/v2\/posts\/80044\/revisions\/80048"}],"wp:featuredmedia":[{"embeddable":true,"href":"https:\/\/tvtecjundiai.com.br\/news\/wp-json\/wp\/v2\/media\/73261"}],"wp:attachment":[{"href":"https:\/\/tvtecjundiai.com.br\/news\/wp-json\/wp\/v2\/media?parent=80044"}],"wp:term":[{"taxonomy":"category","embeddable":true,"href":"https:\/\/tvtecjundiai.com.br\/news\/wp-json\/wp\/v2\/categories?post=80044"},{"taxonomy":"post_tag","embeddable":true,"href":"https:\/\/tvtecjundiai.com.br\/news\/wp-json\/wp\/v2\/tags?post=80044"}],"curies":[{"name":"wp","href":"https:\/\/api.w.org\/{rel}","templated":true}]}}