{"id":80046,"date":"2021-07-29T17:23:02","date_gmt":"2021-07-29T20:23:02","guid":{"rendered":"https:\/\/tvtecjundiai.com.br\/news\/?p=80046"},"modified":"2021-07-29T17:23:07","modified_gmt":"2021-07-29T20:23:07","slug":"obras-interditam-acesso-ao-ecaj-pela-avenida-paulo-benassi","status":"publish","type":"post","link":"https:\/\/tvtecjundiai.com.br\/news\/2021\/07\/29\/obras-interditam-acesso-ao-ecaj-pela-avenida-paulo-benassi\/","title":{"rendered":"Obras interditam acesso ao ECAJ pela avenida Paulo Benassi"},"content":{"rendered":"\n<p>O acesso da rodovia Jo\u00e3o Cereser (SP-360) para a avenida Paulo Benassi, uma das liga\u00e7\u00f5es com Entreposto Central de Abastecimento de Jundia\u00ed (ECAJ), conhecido como Ceasa de Jundia\u00ed, no bairro Torres de S\u00e3o Jos\u00e9, foi interditado nesta quinta-feira (29). Com o bloqueio, o acesso ao entreposto passa a ser feito exclusivamente a partir da al\u00e7a para a avenida Armando Giassetti, localizada cerca de 200 metros \u00e0 frente, ap\u00f3s a passarela da UNIP. A interdi\u00e7\u00e3o foi feita pela Concession\u00e1ria Rota das Bandeiras, que realiza obras no local, e \u00e9 acompanhada pela Unidade de Gest\u00e3o de Mobilidade e Transporte (UGMT).<\/p>\n\n\n\n<figure class=\"wp-block-image size-large\"><img loading=\"lazy\" decoding=\"async\" width=\"1200\" height=\"800\" src=\"https:\/\/tvtecjundiai.com.br\/news\/wp-content\/uploads\/sites\/2\/2021\/07\/rota2-1200x800.jpg\" alt=\"\" class=\"wp-image-80047\" srcset=\"https:\/\/tvtecjundiai.com.br\/news\/wp-content\/uploads\/sites\/2\/2021\/07\/rota2-1200x800.jpg 1200w, https:\/\/tvtecjundiai.com.br\/news\/wp-content\/uploads\/sites\/2\/2021\/07\/rota2-300x200.jpg 300w, https:\/\/tvtecjundiai.com.br\/news\/wp-content\/uploads\/sites\/2\/2021\/07\/rota2-768x512.jpg 768w, https:\/\/tvtecjundiai.com.br\/news\/wp-content\/uploads\/sites\/2\/2021\/07\/rota2.jpg 1280w\" sizes=\"auto, (max-width: 1200px) 100vw, 1200px\" \/><figcaption>A rodovia Jo\u00e3o Cereser est\u00e1 recebendo pontos de interdi\u00e7\u00e3o devido a obras no local para implanta\u00e7\u00e3o de marginais<br><\/figcaption><\/figure>\n\n\n\n<p>A interven\u00e7\u00e3o dever\u00e1 se estender at\u00e9 o final de outubro, quando o acesso principal ao entreposto totalmente reconfigurado, passar\u00e1 a ser feito cerca de 200 metros antes do ponto que foi interditado. Equipes a servi\u00e7o da Rota das Bandeiras atuam no local para implanta\u00e7\u00e3o das marginais da rodovia Jo\u00e3o Cereser, no trecho entre os km 65 e 62, do Parque da Cidade at\u00e9 o ECAJ. O investimento total na obra \u00e9 de R$ 80 milh\u00f5es, com previs\u00e3o de conclus\u00e3o durante o segundo semestre de 2022.<\/p>\n\n\n\n<p>Prevista no contrato de concess\u00e3o do Corredor Dom Pedro, a implanta\u00e7\u00e3o das marginais da rodovia Jo\u00e3o Cereser dever\u00e1 contribuir para aumentar a fluidez de tr\u00e1fego na regi\u00e3o e melhor organiza\u00e7\u00e3o dos fluxos local e rodovi\u00e1rio. Atualmente, a rodovia recebe um volume di\u00e1rio de 37 mil ve\u00edculos.<\/p>\n\n\n\n<p>Nos pr\u00f3ximos dias, novas altera\u00e7\u00f5es no tr\u00e1fego da regi\u00e3o ser\u00e3o implantadas para garantir o avan\u00e7o das obras. Desde o \u00faltimo dia 12 de julho, uma faixa de rolamento da pista Sul (sentido Anhanguera) da rodovia est\u00e1 interditada em dois pontos, do km 64+250 ao km 64+550, na regi\u00e3o do Parque da Cidade, e do km 62+350 ao km 62+800, na altura da Ceasa. A interven\u00e7\u00e3o tem gerado pontos de lentid\u00e3o na regi\u00e3o, sobretudo nos hor\u00e1rios de pico. Por isso, a orienta\u00e7\u00e3o da Rota das Bandeiras \u00e9 que o motorista evite o tr\u00e1fego no local das 7h \u00e0s 9h e das 17h \u00e0s 19h.<\/p>\n\n\n\n<p><em>(Fonte: Prefeitura de Jundia\u00ed\/ Imagem: Rota das Bandeiras)<\/em><\/p>\n","protected":false},"excerpt":{"rendered":"<p>Nos pr\u00f3ximos dias, novas altera\u00e7\u00f5es no tr\u00e1fego da regi\u00e3o ser\u00e3o implantadas para garantir o avan\u00e7o das obras.<\/p>\n","protected":false},"author":27,"featured_media":80047,"comment_status":"closed","ping_status":"closed","sticky":false,"template":"","format":"standard","meta":{"footnotes":""},"categories":[8356,3059],"tags":[],"class_list":["post-80046","post","type-post","status-publish","format-standard","has-post-thumbnail","hentry","category-jundiai","category-transportes"],"_links":{"self":[{"href":"https:\/\/tvtecjundiai.com.br\/news\/wp-json\/wp\/v2\/posts\/80046","targetHints":{"allow":["GET"]}}],"collection":[{"href":"https:\/\/tvtecjundiai.com.br\/news\/wp-json\/wp\/v2\/posts"}],"about":[{"href":"https:\/\/tvtecjundiai.com.br\/news\/wp-json\/wp\/v2\/types\/post"}],"author":[{"embeddable":true,"href":"https:\/\/tvtecjundiai.com.br\/news\/wp-json\/wp\/v2\/users\/27"}],"replies":[{"embeddable":true,"href":"https:\/\/tvtecjundiai.com.br\/news\/wp-json\/wp\/v2\/comments?post=80046"}],"version-history":[{"count":1,"href":"https:\/\/tvtecjundiai.com.br\/news\/wp-json\/wp\/v2\/posts\/80046\/revisions"}],"predecessor-version":[{"id":80049,"href":"https:\/\/tvtecjundiai.com.br\/news\/wp-json\/wp\/v2\/posts\/80046\/revisions\/80049"}],"wp:featuredmedia":[{"embeddable":true,"href":"https:\/\/tvtecjundiai.com.br\/news\/wp-json\/wp\/v2\/media\/80047"}],"wp:attachment":[{"href":"https:\/\/tvtecjundiai.com.br\/news\/wp-json\/wp\/v2\/media?parent=80046"}],"wp:term":[{"taxonomy":"category","embeddable":true,"href":"https:\/\/tvtecjundiai.com.br\/news\/wp-json\/wp\/v2\/categories?post=80046"},{"taxonomy":"post_tag","embeddable":true,"href":"https:\/\/tvtecjundiai.com.br\/news\/wp-json\/wp\/v2\/tags?post=80046"}],"curies":[{"name":"wp","href":"https:\/\/api.w.org\/{rel}","templated":true}]}}