{"id":80143,"date":"2021-07-31T10:53:41","date_gmt":"2021-07-31T13:53:41","guid":{"rendered":"https:\/\/tvtecjundiai.com.br\/news\/?p=80143"},"modified":"2021-07-31T10:53:44","modified_gmt":"2021-07-31T13:53:44","slug":"mes-do-patrimonio-traz-palestra-com-especialista-sobre-tutela-de-bens-culturais","status":"publish","type":"post","link":"https:\/\/tvtecjundiai.com.br\/news\/2021\/07\/31\/mes-do-patrimonio-traz-palestra-com-especialista-sobre-tutela-de-bens-culturais\/","title":{"rendered":"M\u00eas do Patrim\u00f4nio traz palestra com especialista sobre tutela de bens culturais"},"content":{"rendered":"\n<p>Ap\u00f3s o espet\u00e1culo inaugural do&nbsp;<a href=\"https:\/\/cultura.jundiai.sp.gov.br\/mesdopatrimonio\/\" target=\"_blank\" rel=\"noreferrer noopener\">M\u00eas do Patrim\u00f4nio Hist\u00f3rico e Cultural<\/a>&nbsp;na&nbsp;<a href=\"https:\/\/jundiai.sp.gov.br\/noticias\/2021\/07\/28\/polytheama-reabre-ao-publico-com-melhorias-em-espetaculo-de-inicio-do-mes-do-patrimonio\/\">reabertura do Teatro Polytheama neste domingo (01<\/a>), a programa\u00e7\u00e3o segue com sua abertura oficial de atividades, com a palestra sobre \u201cDireito do Patrim\u00f4nio Cultural Brasileiro\u201d na segunda (02), \u00e0s 10h.<\/p>\n\n\n\n<p>Para tratar da tutela de bens culturais pelos Munic\u00edpios, o convidado especial ser\u00e1 o promotor do Minist\u00e9rio P\u00fablico de Minas Gerais, Dr. Marcos Paulo de Souza Miranda, que possui vasta experi\u00eancia na defesa do patrim\u00f4nio cultural brasileiro.<\/p>\n\n\n\n<p>Autor de livros, Marcos \u00e9, desde 2009, um dos coordenadores do Caderno de Direito do Patrim\u00f4nio Cultural da Revista Magister de Direito Ambiental e Urban\u00edstico. Tamb\u00e9m \u00e9 membro do \u201cInternational Council of Monuments and Sites\u201d (ICOMOS-Brasil) e professor de Direito do Patrim\u00f4nio Cultural na Funda\u00e7\u00e3o Escola Superior do Minist\u00e9rio P\u00fablico do Estado de Minas Gerais. Por seu desempenho na tutela do patrim\u00f4nio cultural, Marcos j\u00e1 teve sua doutrina foi citada para fundamentar decis\u00f5es dos Tribunais de Justi\u00e7a de Minas Gerais e do Rio Grande do Sul e do Superior Tribunal de Justi\u00e7a (STJ).<\/p>\n\n\n\n<p>A atividade on-line ser\u00e1 aberta a todos os interessados, com transmiss\u00e3o ao vivo pelos canais da Cultura no\u00a0<a rel=\"noreferrer noopener\" href=\"https:\/\/www.facebook.com\/culturajundiai\" target=\"_blank\">Facebook<\/a>\u00a0e\u00a0<a rel=\"noreferrer noopener\" href=\"https:\/\/www.youtube.com\/c\/CulturaJundia%C3%AD\/featured\" target=\"_blank\">YouTube<\/a>.<\/p>\n\n\n\n<figure class=\"wp-block-image size-large\"><img loading=\"lazy\" decoding=\"async\" width=\"675\" height=\"405\" src=\"https:\/\/tvtecjundiai.com.br\/news\/wp-content\/uploads\/sites\/2\/2021\/07\/marcos-paulo2.jpg\" alt=\"\" class=\"wp-image-80144\" srcset=\"https:\/\/tvtecjundiai.com.br\/news\/wp-content\/uploads\/sites\/2\/2021\/07\/marcos-paulo2.jpg 675w, https:\/\/tvtecjundiai.com.br\/news\/wp-content\/uploads\/sites\/2\/2021\/07\/marcos-paulo2-300x180.jpg 300w\" sizes=\"auto, (max-width: 675px) 100vw, 675px\" \/><figcaption>O convidado especial da palestra ser\u00e1 o promotor do Minist\u00e9rio P\u00fablico, Dr. Marcos Paulo de Souza Miranda<\/figcaption><\/figure>\n\n\n\n<p><strong>Mais M\u00eas do Patrim\u00f4nio<\/strong><br>Toda a programa\u00e7\u00e3o e as transmiss\u00f5es das atividades podem ser acompanhada pela internet.<\/p>\n\n\n\n<p>Esta segunda (02) tamb\u00e9m encerra-se o prazo para\u00a0<a rel=\"noreferrer noopener\" href=\"https:\/\/www.even3.com.br\/simposiopatrimoniojundiai\/\" target=\"_blank\">envio dos resumos de acad\u00eamicos e pesquisadores interessados<\/a>\u00a0em apresentar seus trabalhos no Simp\u00f3sio sobre o Patrim\u00f4nio Material e Imaterial, que faz parte da programa\u00e7\u00e3o do M\u00eas e ser\u00e1 realizado entre os dias 25 e 28 de agosto.<\/p>\n\n\n\n<p><em>(Fonte\/Imagem: Prefeitura de Jundia\u00ed)<\/em><\/p>\n","protected":false},"excerpt":{"rendered":"<p>Para tratar da tutela de bens culturais pelos Munic\u00edpios, o convidado especial ser\u00e1 o promotor do Minist\u00e9rio P\u00fablico de Minas Gerais, Dr. Marcos Paulo de Souza Miranda, que possui vasta experi\u00eancia na defesa do patrim\u00f4nio cultural brasileiro<\/p>\n","protected":false},"author":9,"featured_media":80144,"comment_status":"closed","ping_status":"closed","sticky":false,"template":"","format":"standard","meta":{"footnotes":""},"categories":[2833],"tags":[],"class_list":["post-80143","post","type-post","status-publish","format-standard","has-post-thumbnail","hentry","category-cultura"],"_links":{"self":[{"href":"https:\/\/tvtecjundiai.com.br\/news\/wp-json\/wp\/v2\/posts\/80143","targetHints":{"allow":["GET"]}}],"collection":[{"href":"https:\/\/tvtecjundiai.com.br\/news\/wp-json\/wp\/v2\/posts"}],"about":[{"href":"https:\/\/tvtecjundiai.com.br\/news\/wp-json\/wp\/v2\/types\/post"}],"author":[{"embeddable":true,"href":"https:\/\/tvtecjundiai.com.br\/news\/wp-json\/wp\/v2\/users\/9"}],"replies":[{"embeddable":true,"href":"https:\/\/tvtecjundiai.com.br\/news\/wp-json\/wp\/v2\/comments?post=80143"}],"version-history":[{"count":1,"href":"https:\/\/tvtecjundiai.com.br\/news\/wp-json\/wp\/v2\/posts\/80143\/revisions"}],"predecessor-version":[{"id":80145,"href":"https:\/\/tvtecjundiai.com.br\/news\/wp-json\/wp\/v2\/posts\/80143\/revisions\/80145"}],"wp:featuredmedia":[{"embeddable":true,"href":"https:\/\/tvtecjundiai.com.br\/news\/wp-json\/wp\/v2\/media\/80144"}],"wp:attachment":[{"href":"https:\/\/tvtecjundiai.com.br\/news\/wp-json\/wp\/v2\/media?parent=80143"}],"wp:term":[{"taxonomy":"category","embeddable":true,"href":"https:\/\/tvtecjundiai.com.br\/news\/wp-json\/wp\/v2\/categories?post=80143"},{"taxonomy":"post_tag","embeddable":true,"href":"https:\/\/tvtecjundiai.com.br\/news\/wp-json\/wp\/v2\/tags?post=80143"}],"curies":[{"name":"wp","href":"https:\/\/api.w.org\/{rel}","templated":true}]}}