{"id":80159,"date":"2021-07-31T15:25:51","date_gmt":"2021-07-31T18:25:51","guid":{"rendered":"https:\/\/tvtecjundiai.com.br\/news\/?p=80159"},"modified":"2021-07-31T15:25:54","modified_gmt":"2021-07-31T18:25:54","slug":"em-reuniao-comite-das-criancas-aborda-hospital-para-brinquedos-e-plantio-de-arvores","status":"publish","type":"post","link":"https:\/\/tvtecjundiai.com.br\/news\/2021\/07\/31\/em-reuniao-comite-das-criancas-aborda-hospital-para-brinquedos-e-plantio-de-arvores\/","title":{"rendered":"Em reuni\u00e3o, Comit\u00ea das Crian\u00e7as aborda \u2018hospital\u2019 para brinquedos e plantio de \u00e1rvores"},"content":{"rendered":"\n<p>Em nova reuni\u00e3o na manh\u00e3 deste s\u00e1bado (31), o Comit\u00ea das Crian\u00e7as de Jundia\u00ed discutiu temas variados, como a abertura de um \u201chospital\u201d de brinquedos e o plantio de \u00e1rvores e mudas na sede do Comit\u00ea, na Vila Arens, ainda n\u00e3o inaugurada. Com media\u00e7\u00e3o do gestor de Cultura, Marcelo Peroni, o encontro tem o objetivo de dar voz \u00e0s crian\u00e7as e assim criar pol\u00edticas p\u00fablicas para a inf\u00e2ncia.<\/p>\n\n\n\n<p>\u201cA crian\u00e7a entende seu valor, seu papel na sociedade e traz temas relevantes pelo olhar dela\u201d, destaca o gestor. \u201cA atual gest\u00e3o municipal, do prefeito Luiz Fernando Machado, compreendeu a import\u00e2ncia de ouv\u00ed-las para o planejamento da constru\u00e7\u00e3o de nossa cidade.\u201d<\/p>\n\n\n\n<figure class=\"wp-block-image\"><img decoding=\"async\" src=\"https:\/\/jundiai.sp.gov.br\/noticias\/wp-content\/uploads\/sites\/32\/2021\/07\/comite2.jpg\" alt=\"\" class=\"wp-image-273429\" \/><figcaption>Crian\u00e7as foram ouvidas e conversaram sobre melhorias para a cidade em reuni\u00e3o on-line<\/figcaption><\/figure>\n\n\n\n<p>Um dos assuntos abordados foi a cria\u00e7\u00e3o de um \u201chospital\u201d de brinquedos. \u201cCom esse \u2018hospital\u2019, podemos doar brinquedos quebrados e que n\u00e3o queremos mais. Eles s\u00e3o consertados e podem ser doados para outras crian\u00e7as\u201d, observou Ana Clara Baade Ramos. J\u00e1 Samuel Schubernig demonstrou preocupa\u00e7\u00e3o com as crian\u00e7as que ficam plugadas o tempo todo a produtos eletr\u00f4nicos como computadores e celulares e perderam o interesse em brinquedos \u00e0 moda antiga. \u201cH\u00e1 uma nova gera\u00e7\u00e3o de crian\u00e7as que n\u00e3o conhece esses brinquedos.\u201d<\/p>\n\n\n\n<p>Outro tema da pauta: o plantio de \u00e1rvores e mudas na sede do Comit\u00ea. No local ser\u00e1&nbsp; constru\u00eddo um parque naturalizado. No final do m\u00eas de agosto, as crian\u00e7as poder\u00e3o discutir como esse parque ser\u00e1 feito diretamente com os profissionais respons\u00e1veis, do Instituto Alana e da Rede Urban 95, e opinando sobre quais \u00e1rvores ser\u00e3o plantadas ali.<\/p>\n\n\n\n<p>A pequena Eloiza Giovanna Alves Pimenta j\u00e1 fez a li\u00e7\u00e3o de casa: foi na internet e pesquisou v\u00e1rios tipos de plantas e \u00e1rvores. \u201cAnotei 20 nomes de plantas para deixar nosso parque bonito\u201d, contou aos coleguinhas. Para Let\u00edcia Lima dos Santos, o local precisa ter orqu\u00eddeas para ficar ainda mais bonito.<\/p>\n\n\n\n<p>Com 24 membros com idades entre 8 e 12 anos, o Comit\u00ea das Crian\u00e7as est\u00e1 em sua terceira composi\u00e7\u00e3o e foi institu\u00eddo em 2019, ap\u00f3s a ades\u00e3o de Jundia\u00ed \u00e0 Rede Latino-Americana \u2013 Cidade das Crian\u00e7as no ano anterior. Entre as propostas j\u00e1 feitas por seus integrantes e j\u00e1 atendidas pela Prefeitura est\u00e3o a instala\u00e7\u00e3o de brinquedos para crian\u00e7as com defici\u00eancia nos parques, refor\u00e7o na arboriza\u00e7\u00e3o de ruas e espa\u00e7os p\u00fablicos, modifica\u00e7\u00f5es no mobili\u00e1rio de pra\u00e7as, melhorias no trajeto e entorno das escolas, al\u00e9m da constru\u00e7\u00e3o do Mundo das Crian\u00e7as.<\/p>\n\n\n\n<p><em>(Fonte\/Imagem: Prefeitura de Jundia\u00ed)<\/em><\/p>\n","protected":false},"excerpt":{"rendered":"<p>Com 24 membros com idades entre 8 e 12 anos, o Comit\u00ea das Crian\u00e7as est\u00e1 em sua terceira composi\u00e7\u00e3o<\/p>\n","protected":false},"author":17,"featured_media":80160,"comment_status":"closed","ping_status":"closed","sticky":false,"template":"","format":"standard","meta":{"footnotes":""},"categories":[2833,2828,8356,1],"tags":[],"class_list":["post-80159","post","type-post","status-publish","format-standard","has-post-thumbnail","hentry","category-cultura","category-educacao","category-jundiai","category-noticias"],"_links":{"self":[{"href":"https:\/\/tvtecjundiai.com.br\/news\/wp-json\/wp\/v2\/posts\/80159","targetHints":{"allow":["GET"]}}],"collection":[{"href":"https:\/\/tvtecjundiai.com.br\/news\/wp-json\/wp\/v2\/posts"}],"about":[{"href":"https:\/\/tvtecjundiai.com.br\/news\/wp-json\/wp\/v2\/types\/post"}],"author":[{"embeddable":true,"href":"https:\/\/tvtecjundiai.com.br\/news\/wp-json\/wp\/v2\/users\/17"}],"replies":[{"embeddable":true,"href":"https:\/\/tvtecjundiai.com.br\/news\/wp-json\/wp\/v2\/comments?post=80159"}],"version-history":[{"count":1,"href":"https:\/\/tvtecjundiai.com.br\/news\/wp-json\/wp\/v2\/posts\/80159\/revisions"}],"predecessor-version":[{"id":80161,"href":"https:\/\/tvtecjundiai.com.br\/news\/wp-json\/wp\/v2\/posts\/80159\/revisions\/80161"}],"wp:featuredmedia":[{"embeddable":true,"href":"https:\/\/tvtecjundiai.com.br\/news\/wp-json\/wp\/v2\/media\/80160"}],"wp:attachment":[{"href":"https:\/\/tvtecjundiai.com.br\/news\/wp-json\/wp\/v2\/media?parent=80159"}],"wp:term":[{"taxonomy":"category","embeddable":true,"href":"https:\/\/tvtecjundiai.com.br\/news\/wp-json\/wp\/v2\/categories?post=80159"},{"taxonomy":"post_tag","embeddable":true,"href":"https:\/\/tvtecjundiai.com.br\/news\/wp-json\/wp\/v2\/tags?post=80159"}],"curies":[{"name":"wp","href":"https:\/\/api.w.org\/{rel}","templated":true}]}}