{"id":80268,"date":"2021-08-03T10:45:28","date_gmt":"2021-08-03T13:45:28","guid":{"rendered":"https:\/\/tvtecjundiai.com.br\/news\/?p=80268"},"modified":"2021-08-03T10:45:34","modified_gmt":"2021-08-03T13:45:34","slug":"mes-do-patrimonio-programacao-segue-com-palestra-sobre-direito-patrimonial-em-jundiai","status":"publish","type":"post","link":"https:\/\/tvtecjundiai.com.br\/news\/2021\/08\/03\/mes-do-patrimonio-programacao-segue-com-palestra-sobre-direito-patrimonial-em-jundiai\/","title":{"rendered":"M\u00eas do Patrim\u00f4nio: programa\u00e7\u00e3o segue com palestra sobre direito patrimonial em Jundia\u00ed"},"content":{"rendered":"\n<p>Com a live sobre \u201cDireito do Patrim\u00f4nio Cultural Brasileiro\u201d, a programa\u00e7\u00e3o&nbsp;<a href=\"https:\/\/cultura.jundiai.sp.gov.br\/mesdopatrimonio\/\" target=\"_blank\" rel=\"noreferrer noopener\">M\u00eas do Patrim\u00f4nio Hist\u00f3rico e Cultural 2021<\/a>&nbsp;teve sua abertura oficial na manh\u00e3 desta segunda-feira (02). A atividade vem na sequ\u00eancia, ap\u00f3s a&nbsp;<a href=\"https:\/\/jundiai.sp.gov.br\/noticias\/2021\/08\/02\/mes-do-patrimonio-danca-musica-e-emocao-marcam-retorno-de-apresentacoes-no-polytheama\/\">abertura festiva do M\u00eas, realizada na noite desse domingo (01), com o espet\u00e1culo que marcou tamb\u00e9m a reabertura do Teatro Polytheama para a presen\u00e7a de p\u00fablico<\/a>.<\/p>\n\n\n\n<p>O convidado especial para a palestra, realizada de modo on-line e com transmiss\u00e3o pelas redes sociais da Unidade de Gest\u00e3o de Cultura (UGC), foi o promotor do Minist\u00e9rio P\u00fablico de Minas Gerais, dr. Marcos Paulo de Souza Miranda.<\/p>\n\n\n\n<p>Representando o prefeito Luiz Fernando Machado, o gestor da UGC, Marcelo Peroni, agradeceu a todos na sociedade que trabalham e se dedicam em zelar pelos bens materiais e imateriais do Munic\u00edpio e destacou o trabalho que vem sendo realizado pela administra\u00e7\u00e3o em instituir programas de educa\u00e7\u00e3o patrimonial para os diversos setores da comunidade. \u201cEm Jundia\u00ed temos tido esse cuidado em olhar e zelar pelo nosso patrim\u00f4nio e esse ano a programa\u00e7\u00e3o do M\u00eas do Patrim\u00f4nio Hist\u00f3rico e Cultural nos convida a refletir sobre como colocar em pr\u00e1tica atividades com esse fim\u201d.<\/p>\n\n\n\n<div class=\"wp-block-image\"><figure class=\"aligncenter size-large\"><img loading=\"lazy\" decoding=\"async\" width=\"1200\" height=\"659\" src=\"https:\/\/tvtecjundiai.com.br\/news\/wp-content\/uploads\/sites\/2\/2021\/08\/live_cultura_mes_patrimonio-1200x659.jpg\" alt=\"\" class=\"wp-image-80269\" srcset=\"https:\/\/tvtecjundiai.com.br\/news\/wp-content\/uploads\/sites\/2\/2021\/08\/live_cultura_mes_patrimonio-1200x659.jpg 1200w, https:\/\/tvtecjundiai.com.br\/news\/wp-content\/uploads\/sites\/2\/2021\/08\/live_cultura_mes_patrimonio-300x165.jpg 300w, https:\/\/tvtecjundiai.com.br\/news\/wp-content\/uploads\/sites\/2\/2021\/08\/live_cultura_mes_patrimonio-768x422.jpg 768w, https:\/\/tvtecjundiai.com.br\/news\/wp-content\/uploads\/sites\/2\/2021\/08\/live_cultura_mes_patrimonio.jpg 1280w\" sizes=\"auto, (max-width: 1200px) 100vw, 1200px\" \/><figcaption>Programa\u00e7\u00e3o on-line pode ser conferida nas redes sociais da Cultura<\/figcaption><\/figure><\/div>\n\n\n\n<p>Durante a live, o convidado abordou temas como a tutela dos bens culturais pelos Munic\u00edpios, as dificuldades para implementa\u00e7\u00e3o, os avan\u00e7os da d\u00e9cada de 2000 quando a din\u00e2mica da vida econ\u00f4mica e social, bem como as transforma\u00e7\u00f5es que ocorreram fizeram surgir novas realidades e situa\u00e7\u00f5es que repercutiram sobre a quest\u00e3o do Direito do Patrim\u00f4nio Cultural Brasileiro. \u201cAssim o papel dos Munic\u00edpios ficou mais delineado. N\u00e3o apenas a prote\u00e7\u00e3o dos bens culturais materiais ou imateriais passou a ser estudado, mas a gest\u00e3o dos mesmos vem sendo amplamente discutida e implementada em nosso Pa\u00eds. A import\u00e2ncia de um trabalho em rede e com pessoas capacitadas para as diversas atividades que envolvem a tem\u00e1tica precisa ser observada\u201d, finalizou dr. Marcos.<\/p>\n\n\n\n<p>O M\u00eas do Patrim\u00f4nio \u00e9 uma realiza\u00e7\u00e3o da UGC, por meio do Departamento de Patrim\u00f4nio Hist\u00f3rico (DPH), com apoio do Centro Paula Souza e das Fatec Jundia\u00ed e Fatec Itu.<\/p>\n\n\n\n<p>A pr\u00f3xima atividade ser\u00e1 nesta quarta-feira (04), \u00e0s 14h30, com a mesa-redonda \u201cOs diversos matizes e horizontes do patrim\u00f4nio imaterial\u201d, com a media\u00e7\u00e3o de Elisabete Mitiko Watanabe e como convidadas especiais Gisela Vieira e Maria Aparecida Linhares, com transmiss\u00e3o ao vivo pelo pelos canais da Cultura no Facebook e YouTube.<\/p>\n\n\n\n<p>J\u00e1 entre os dias 25 e 28 de agosto, como parte da programa\u00e7\u00e3o do M\u00eas, ser\u00e1 realizada ainda a 9\u00aa edi\u00e7\u00e3o do Simp\u00f3sio sobre o Patrim\u00f4nio Material e Imaterial.O tema este ano \u00e9: \u201cTurismo, territ\u00f3rio e educa\u00e7\u00e3o patrimonial: desafios no contexto da pandemia da Covid-19\u2033.<\/p>\n\n\n\n<p>A programa\u00e7\u00e3o completa pode ser conferida no\u00a0<a rel=\"noreferrer noopener\" href=\"https:\/\/cultura.jundiai.sp.gov.br\/mesdopatrimonio\/\" target=\"_blank\">hotsite do evento<\/a>.<\/p>\n\n\n\n<p><em>(Fonte\/Imagem: Prefeitura de Jundia\u00ed)<\/em><\/p>\n","protected":false},"excerpt":{"rendered":"<p>A pr\u00f3xima atividade ser\u00e1 nesta quarta-(04), \u00e0s 14h30, com a mesa-redonda \u201cOs diversos matizes e horizontes do patrim\u00f4nio imaterial\u201d.<\/p>\n","protected":false},"author":25,"featured_media":80269,"comment_status":"closed","ping_status":"closed","sticky":false,"template":"","format":"standard","meta":{"footnotes":""},"categories":[2833,1],"tags":[],"class_list":["post-80268","post","type-post","status-publish","format-standard","has-post-thumbnail","hentry","category-cultura","category-noticias"],"_links":{"self":[{"href":"https:\/\/tvtecjundiai.com.br\/news\/wp-json\/wp\/v2\/posts\/80268","targetHints":{"allow":["GET"]}}],"collection":[{"href":"https:\/\/tvtecjundiai.com.br\/news\/wp-json\/wp\/v2\/posts"}],"about":[{"href":"https:\/\/tvtecjundiai.com.br\/news\/wp-json\/wp\/v2\/types\/post"}],"author":[{"embeddable":true,"href":"https:\/\/tvtecjundiai.com.br\/news\/wp-json\/wp\/v2\/users\/25"}],"replies":[{"embeddable":true,"href":"https:\/\/tvtecjundiai.com.br\/news\/wp-json\/wp\/v2\/comments?post=80268"}],"version-history":[{"count":1,"href":"https:\/\/tvtecjundiai.com.br\/news\/wp-json\/wp\/v2\/posts\/80268\/revisions"}],"predecessor-version":[{"id":80270,"href":"https:\/\/tvtecjundiai.com.br\/news\/wp-json\/wp\/v2\/posts\/80268\/revisions\/80270"}],"wp:featuredmedia":[{"embeddable":true,"href":"https:\/\/tvtecjundiai.com.br\/news\/wp-json\/wp\/v2\/media\/80269"}],"wp:attachment":[{"href":"https:\/\/tvtecjundiai.com.br\/news\/wp-json\/wp\/v2\/media?parent=80268"}],"wp:term":[{"taxonomy":"category","embeddable":true,"href":"https:\/\/tvtecjundiai.com.br\/news\/wp-json\/wp\/v2\/categories?post=80268"},{"taxonomy":"post_tag","embeddable":true,"href":"https:\/\/tvtecjundiai.com.br\/news\/wp-json\/wp\/v2\/tags?post=80268"}],"curies":[{"name":"wp","href":"https:\/\/api.w.org\/{rel}","templated":true}]}}