{"id":80316,"date":"2021-08-04T09:59:24","date_gmt":"2021-08-04T12:59:24","guid":{"rendered":"https:\/\/tvtecjundiai.com.br\/news\/?p=80316"},"modified":"2021-08-04T09:59:57","modified_gmt":"2021-08-04T12:59:57","slug":"solar-do-barao-recebe-os-primeiros-visitantes-apos-reabertura-1","status":"publish","type":"post","link":"https:\/\/tvtecjundiai.com.br\/news\/2021\/08\/04\/solar-do-barao-recebe-os-primeiros-visitantes-apos-reabertura-1\/","title":{"rendered":"Solar do Bar\u00e3o recebe os primeiros visitantes ap\u00f3s reabertura"},"content":{"rendered":"\n<p>Acompanhada do filho Jo\u00e3o Pedro, de sete anos, a analista de RH Graziele Val\u00e9rio foi uma das primeiras visitantes do Museu Hist\u00f3rico e Cultural \u2013 Solar do Bar\u00e3o em sua reabertura com a presen\u00e7a de p\u00fablico na manh\u00e3 desta ter\u00e7a-feira (03).<\/p>\n\n\n\n<p>\u201cViemos ao Centro para uma consulta m\u00e9dica e, passando aqui em frente, quisemos entrar para conferir o museu e os jardins. A \u00faltima vez em que estivemos aqui foi para conferir a encena\u00e7\u00e3o do Pres\u00e9pio vivo no Natal em 2019. Este ambiente \u00e9 muito importante, um lugar de paz singular, nem parece que estamos no Centro\u201d, compartilhou a analista de RH enquanto acompanhava as brincadeiras do filho pelas instala\u00e7\u00f5es do P\u00e9 de Inf\u00e2ncia e do programa Cidade das Crian\u00e7as.<\/p>\n\n\n\n<p>Neste momento, a ocupa\u00e7\u00e3o m\u00e1xima para visita\u00e7\u00e3o no Museu \u00e9 de at\u00e9 100 pessoas, conforme estabelecido pelo Comit\u00ea de Enfrentamento ao Coronav\u00edrus (CEC) da Prefeitura. Al\u00e9m da oferta de \u00e1lcool gel, \u00e9 realizada a aferi\u00e7\u00e3o de temperatura dos visitantes e as instala\u00e7\u00f5es ganharam adequa\u00e7\u00f5es para maior espa\u00e7amento e circula\u00e7\u00e3o de ar. \u201cQuem visitar o Museu ir\u00e1 conferir ainda todas as interven\u00e7\u00f5es realizadas pela Prefeitura no espa\u00e7o com o objetivo de preservar este importante patrim\u00f4nio municipal e aprimorar a experi\u00eancia de seus frequentadores\u201d, explica o gestor da Unidade de Gest\u00e3o de Cultura (UGC), Marcelo Peroni.<\/p>\n\n\n\n<div class=\"wp-block-image\"><figure class=\"aligncenter size-large\"><img loading=\"lazy\" decoding=\"async\" width=\"1200\" height=\"800\" src=\"https:\/\/tvtecjundiai.com.br\/news\/wp-content\/uploads\/sites\/2\/2021\/08\/reabertura-solar-do-barao-86-1200x800.jpg\" alt=\"\" class=\"wp-image-80317\" srcset=\"https:\/\/tvtecjundiai.com.br\/news\/wp-content\/uploads\/sites\/2\/2021\/08\/reabertura-solar-do-barao-86-1200x800.jpg 1200w, https:\/\/tvtecjundiai.com.br\/news\/wp-content\/uploads\/sites\/2\/2021\/08\/reabertura-solar-do-barao-86-300x200.jpg 300w, https:\/\/tvtecjundiai.com.br\/news\/wp-content\/uploads\/sites\/2\/2021\/08\/reabertura-solar-do-barao-86-768x512.jpg 768w, https:\/\/tvtecjundiai.com.br\/news\/wp-content\/uploads\/sites\/2\/2021\/08\/reabertura-solar-do-barao-86.jpg 1280w\" sizes=\"auto, (max-width: 1200px) 100vw, 1200px\" \/><figcaption>M\u00e3e e filho interagiram com o rio Jundia\u00ed e o bagre Jundi\u00e1 pintados nos jardins<\/figcaption><\/figure><\/div>\n\n\n\n<p>Al\u00e9m de parte do acervo permanente, O Museu exp\u00f5e a mostra \u201cJundiahy\u2026 Jundia\u00ed!\u201d, que retrata o Munic\u00edpio ao longo dos s\u00e9culos atrav\u00e9s de fontes hist\u00f3ricas como arquivos, fotos, documentos e instala\u00e7\u00f5es interativas.<\/p>\n\n\n\n<p>O casal de aposentados Jo\u00e3o e S\u00f4nia Reis, moradores do jardim Bonfiglioli, tamb\u00e9m aproveitaram a ida do Centro para fazer uma nova visita. \u201cVimos nas redes sociais que o Museu seria reaberto e, j\u00e1 que viemos trocar uma mercadoria em uma loja, quisemos visitar e conferir a exposi\u00e7\u00e3o. Este lugar permite uma maravilhosa viagem pelo tempo. Queremos trazer nossas nestas aqui no fim de semana\u201d, comemorou dona S\u00f4nia, encantada com as lou\u00e7as e vidrarias na cristaleira do acervo permanente.<\/p>\n\n\n\n<p>Nos jardins, os visitantes podem aproveitar o contato com a natureza, conferir as flores e \u00e1rvores, aproveitar a sombra dos bancos sob os pergolados e apreciar a vista do Jardim Japon\u00eas. Al\u00e9m do canto dos p\u00e1ssaros, o visitante pode ainda interagir com os QR codes espalhados pelas \u00e1rvores, que tamb\u00e9m direcionam para os cantos das aves que frequentam o local.<\/p>\n\n\n\n<div class=\"wp-block-image\"><figure class=\"aligncenter size-large\"><img loading=\"lazy\" decoding=\"async\" width=\"1200\" height=\"800\" src=\"https:\/\/tvtecjundiai.com.br\/news\/wp-content\/uploads\/sites\/2\/2021\/08\/reabertura-solar-do-barao-177-1200x800.jpg\" alt=\"\" class=\"wp-image-80318\" srcset=\"https:\/\/tvtecjundiai.com.br\/news\/wp-content\/uploads\/sites\/2\/2021\/08\/reabertura-solar-do-barao-177-1200x800.jpg 1200w, https:\/\/tvtecjundiai.com.br\/news\/wp-content\/uploads\/sites\/2\/2021\/08\/reabertura-solar-do-barao-177-300x200.jpg 300w, https:\/\/tvtecjundiai.com.br\/news\/wp-content\/uploads\/sites\/2\/2021\/08\/reabertura-solar-do-barao-177-768x512.jpg 768w, https:\/\/tvtecjundiai.com.br\/news\/wp-content\/uploads\/sites\/2\/2021\/08\/reabertura-solar-do-barao-177.jpg 1280w\" sizes=\"auto, (max-width: 1200px) 100vw, 1200px\" \/><figcaption>Encantados com o museu, Jo\u00e3o e S\u00f4nia agora querem trazer as netas<\/figcaption><\/figure><\/div>\n\n\n\n<p>O Museu permanece aberto de ter\u00e7a a domingo, das 10h \u00e0s 17h.<\/p>\n\n\n\n<p><strong>Museu da Cia. Paulista e Pinacoteca<\/strong><br>Neste per\u00edodo, o Museu da Cia. Paulista, localizado no Complexo Fepasa, seguir\u00e1 fechado para interven\u00e7\u00f5es e manuten\u00e7\u00e3o de acervo.<\/p>\n\n\n\n<p>J\u00e1 a Pinacoteca Municipal Di\u00f3genes Duarte Paes, que fica na rua Bar\u00e3o de Jundia\u00ed, 109, Centro, passa pela montagem de exposi\u00e7\u00e3o in\u00e9dita, que dever\u00e1 ser aberta nas pr\u00f3ximas semanas.<\/p>\n\n\n\n<div class=\"wp-block-image\"><figure class=\"aligncenter size-large\"><img loading=\"lazy\" decoding=\"async\" width=\"1200\" height=\"800\" src=\"https:\/\/tvtecjundiai.com.br\/news\/wp-content\/uploads\/sites\/2\/2021\/08\/reabertura-solar-do-barao-279-1200x800.jpg\" alt=\"\" class=\"wp-image-80319\" srcset=\"https:\/\/tvtecjundiai.com.br\/news\/wp-content\/uploads\/sites\/2\/2021\/08\/reabertura-solar-do-barao-279-1200x800.jpg 1200w, https:\/\/tvtecjundiai.com.br\/news\/wp-content\/uploads\/sites\/2\/2021\/08\/reabertura-solar-do-barao-279-300x200.jpg 300w, https:\/\/tvtecjundiai.com.br\/news\/wp-content\/uploads\/sites\/2\/2021\/08\/reabertura-solar-do-barao-279-768x512.jpg 768w, https:\/\/tvtecjundiai.com.br\/news\/wp-content\/uploads\/sites\/2\/2021\/08\/reabertura-solar-do-barao-279.jpg 1280w\" sizes=\"auto, (max-width: 1200px) 100vw, 1200px\" \/><figcaption>Museu fica aberto de ter\u00e7a a domingo, das 10h \u00e0s 17h<\/figcaption><\/figure><\/div>\n\n\n\n<p><em>(Fonte\/Imagem: Prefeitura de Jundia\u00ed)<\/em><\/p>\n","protected":false},"excerpt":{"rendered":"<p>Neste momento, a ocupa\u00e7\u00e3o m\u00e1xima para visita\u00e7\u00e3o no Museu \u00e9 de at\u00e9 100 pessoas.<\/p>\n","protected":false},"author":25,"featured_media":80318,"comment_status":"closed","ping_status":"closed","sticky":false,"template":"","format":"standard","meta":{"footnotes":""},"categories":[2833,1],"tags":[],"class_list":["post-80316","post","type-post","status-publish","format-standard","has-post-thumbnail","hentry","category-cultura","category-noticias"],"_links":{"self":[{"href":"https:\/\/tvtecjundiai.com.br\/news\/wp-json\/wp\/v2\/posts\/80316","targetHints":{"allow":["GET"]}}],"collection":[{"href":"https:\/\/tvtecjundiai.com.br\/news\/wp-json\/wp\/v2\/posts"}],"about":[{"href":"https:\/\/tvtecjundiai.com.br\/news\/wp-json\/wp\/v2\/types\/post"}],"author":[{"embeddable":true,"href":"https:\/\/tvtecjundiai.com.br\/news\/wp-json\/wp\/v2\/users\/25"}],"replies":[{"embeddable":true,"href":"https:\/\/tvtecjundiai.com.br\/news\/wp-json\/wp\/v2\/comments?post=80316"}],"version-history":[{"count":1,"href":"https:\/\/tvtecjundiai.com.br\/news\/wp-json\/wp\/v2\/posts\/80316\/revisions"}],"predecessor-version":[{"id":80320,"href":"https:\/\/tvtecjundiai.com.br\/news\/wp-json\/wp\/v2\/posts\/80316\/revisions\/80320"}],"wp:featuredmedia":[{"embeddable":true,"href":"https:\/\/tvtecjundiai.com.br\/news\/wp-json\/wp\/v2\/media\/80318"}],"wp:attachment":[{"href":"https:\/\/tvtecjundiai.com.br\/news\/wp-json\/wp\/v2\/media?parent=80316"}],"wp:term":[{"taxonomy":"category","embeddable":true,"href":"https:\/\/tvtecjundiai.com.br\/news\/wp-json\/wp\/v2\/categories?post=80316"},{"taxonomy":"post_tag","embeddable":true,"href":"https:\/\/tvtecjundiai.com.br\/news\/wp-json\/wp\/v2\/tags?post=80316"}],"curies":[{"name":"wp","href":"https:\/\/api.w.org\/{rel}","templated":true}]}}