{"id":80431,"date":"2021-08-06T09:19:21","date_gmt":"2021-08-06T12:19:21","guid":{"rendered":"https:\/\/tvtecjundiai.com.br\/news\/?p=80431"},"modified":"2021-08-06T09:19:30","modified_gmt":"2021-08-06T12:19:30","slug":"plano-de-acao-para-regiao-da-ponte-sao-joao-e-discutido-com-representantes-da-populacao","status":"publish","type":"post","link":"https:\/\/tvtecjundiai.com.br\/news\/2021\/08\/06\/plano-de-acao-para-regiao-da-ponte-sao-joao-e-discutido-com-representantes-da-populacao\/","title":{"rendered":"Plano de A\u00e7\u00e3o para regi\u00e3o da Ponte S\u00e3o Jo\u00e3o \u00e9 discutido com representantes da popula\u00e7\u00e3o"},"content":{"rendered":"\n<p>Ap\u00f3s detalhado trabalho de planejamento envolvendo todas as Unidades de Gest\u00e3o da Prefeitura, foi apresentado para representantes da popula\u00e7\u00e3o o Plano de A\u00e7\u00e3o para a regi\u00e3o da Ponte S\u00e3o Jo\u00e3o e bairros do entorno. A iniciativa envolve um conjunto de servi\u00e7os para o desenvolvimento de pol\u00edticas p\u00fablicas de urbanismo e a\u00e7\u00f5es em Sa\u00fade, Assist\u00eancia Social, Fiscaliza\u00e7\u00e3o do Com\u00e9rcio e Seguran\u00e7a, entre outras \u00e1reas.<\/p>\n\n\n\n<p>\u201cPropomos a\u00e7\u00f5es estruturantes que v\u00e3o desde a infraestrutura urbana e zeladoria, assist\u00eancia social, sa\u00fade em sintonia com a pol\u00edtica de seguran\u00e7a, em conjunto com a sociedade. O modelo a ser implementado poder\u00e1 ser aplicado em qualquer regi\u00e3o da cidade para que a popula\u00e7\u00e3o tenha a sensa\u00e7\u00e3o de Seguran\u00e7a em viver na cidade que, de acordo com o Atlas de Seguran\u00e7a, \u00e9 o 6\u00ba munic\u00edpio com melhor seguran\u00e7a do estado\u201d, comentou o prefeito Luiz Fernando Machado.<\/p>\n\n\n\n<p>De acordo com o gestor da Unidade de Governo e Finan\u00e7as (UGGF), Jos\u00e9 Antonio Parimoschi, as interven\u00e7\u00f5es acontecem de maneira escalonada. \u201cTemos a\u00e7\u00f5es que s\u00e3o imediatas, a m\u00e9dio e a longo prazos. Ao todo s\u00e3o mais de R$ 10 milh\u00f5es em investimentos para a regi\u00e3o empregados em tecnologia embarcada em sistema de ilumina\u00e7\u00e3o e monitoramento, Seguran\u00e7a, equipamentos p\u00fablicos, Sa\u00fade e Assist\u00eancia Social, que atuar\u00e3o na raiz dos problemas da regi\u00e3o\u201d, detalhou.<\/p>\n\n\n\n<figure class=\"wp-block-image size-large\"><img loading=\"lazy\" decoding=\"async\" width=\"1200\" height=\"800\" src=\"https:\/\/tvtecjundiai.com.br\/news\/wp-content\/uploads\/sites\/2\/2021\/08\/reuniao-ponte-sao-joao-162-1200x800.jpg\" alt=\"\" class=\"wp-image-80432\" srcset=\"https:\/\/tvtecjundiai.com.br\/news\/wp-content\/uploads\/sites\/2\/2021\/08\/reuniao-ponte-sao-joao-162-1200x800.jpg 1200w, https:\/\/tvtecjundiai.com.br\/news\/wp-content\/uploads\/sites\/2\/2021\/08\/reuniao-ponte-sao-joao-162-300x200.jpg 300w, https:\/\/tvtecjundiai.com.br\/news\/wp-content\/uploads\/sites\/2\/2021\/08\/reuniao-ponte-sao-joao-162-768x512.jpg 768w, https:\/\/tvtecjundiai.com.br\/news\/wp-content\/uploads\/sites\/2\/2021\/08\/reuniao-ponte-sao-joao-162.jpg 1280w\" sizes=\"auto, (max-width: 1200px) 100vw, 1200px\" \/><figcaption>Encontro foi realizado no audit\u00f3rio do Pa\u00e7o Municipal<br><\/figcaption><\/figure>\n\n\n\n<p>Para a gestora da Unidade de Gest\u00e3o de Seguran\u00e7a Municipal (UGSM), Carla Basson, a parceria entre as for\u00e7as de seguran\u00e7a ampliam a atua\u00e7\u00e3o. \u201cA Guarda Municipal conta com equipes permanentemente em rondas na regi\u00e3o da Ponte S\u00e3o Jo\u00e3o e que j\u00e1 registram avan\u00e7os nos indicadores de criminalidade. Mas \u00e9 preciso melhorar ainda mais a atua\u00e7\u00e3o\u201d, explicou, ressaltando a import\u00e2ncia do pacto pela seguran\u00e7a estabelecido no encontro.<\/p>\n\n\n\n<p>\u201cO plano j\u00e1 pode ser considerado exitoso, pois conta com o principal ingrediente: vontade e constru\u00e7\u00e3o de pol\u00edticas p\u00fablicas que v\u00e3o proporcionar os tr\u00eas pilares da ordem p\u00fablica: salubridade, tranquilidade e seguran\u00e7a\u201d, comentou o tenente coronel comandante do 49\u00ba Batalh\u00e3o da Pol\u00edcia Militar (BPMi), Paulo Henrique Rosas.<\/p>\n\n\n\n<p>Representando a Pol\u00edcia Civil, o delegado titular da divis\u00e3o de Entorpecentes, Marcel Fher, elogiou a iniciativa. \u201cEm 22 anos como delegado da Pol\u00edcia Civil, esta \u00e9 a primeira vez que um projeto integrado desta magnitude \u00e9 realizado em Jundia\u00ed. Os resultados positivos ser\u00e3o percebidos rapidamente\u201d, avaliou.<\/p>\n\n\n\n<p>O tesoureiro da Associa\u00e7\u00e3o de Moradores da Ponte S\u00e3o Jo\u00e3o, Jos\u00e9 Carlos Yop, morador no bairro da Ponte S\u00e3o Jo\u00e3o, tamb\u00e9m participou do encontro de apresenta\u00e7\u00e3o da a\u00e7\u00e3o. \u201cTemos reivindica\u00e7\u00f5es antigas que est\u00e3o sendo contempladas e que trar\u00e3o grande melhoria para os moradores da regi\u00e3o. S\u00e3o a\u00e7\u00f5es que refletem em toda a regi\u00e3o\u201d, comentou o representante dos moradores.<\/p>\n\n\n\n<p>Ainda participaram do encontro os vereadores, presidente da C\u00e2mara, Faouaz Taha, Adilson Roberto Pereira Junior (Juninho), M\u00e1rcio Pentecostes, Qu\u00e9zia Doane de Lucca, al\u00e9m dos gestores de Assist\u00eancia e Desenvolvimento Social (UGADS), Maria Brant, Promo\u00e7\u00e3o da Sa\u00fade (UGPS), Tiago Texera, o comandante da Guarda Municipal (GM) Benedito Moreno, Infraestrutura e Servi\u00e7os P\u00fablicos (UGISP) Adilson Rosa e do diretor de Planejamento Eduardo Valen\u00e7a e o vice-prefeito Gustavo Martinelli, que lembrou o processo de elabora\u00e7\u00e3o do plano. \u201cAp\u00f3s a primeira reuni\u00e3o, realizada na sede da Guarda Municipal, foram feitas quatro reuni\u00f5es de trabalho para o desenvolvimento do plano, que ser\u00e1 aplicado em todas as frentes\u201d, explicou.<\/p>\n\n\n\n<p><em>(Fonte\/Imagem: Prefeitura de Jundia\u00ed)<\/em><\/p>\n","protected":false},"excerpt":{"rendered":"<p>A iniciativa envolve um conjunto de servi\u00e7os para o desenvolvimento de pol\u00edticas p\u00fablicas de urbanismo.<\/p>\n","protected":false},"author":27,"featured_media":80432,"comment_status":"closed","ping_status":"closed","sticky":false,"template":"","format":"standard","meta":{"footnotes":""},"categories":[8356],"tags":[],"class_list":["post-80431","post","type-post","status-publish","format-standard","has-post-thumbnail","hentry","category-jundiai"],"_links":{"self":[{"href":"https:\/\/tvtecjundiai.com.br\/news\/wp-json\/wp\/v2\/posts\/80431","targetHints":{"allow":["GET"]}}],"collection":[{"href":"https:\/\/tvtecjundiai.com.br\/news\/wp-json\/wp\/v2\/posts"}],"about":[{"href":"https:\/\/tvtecjundiai.com.br\/news\/wp-json\/wp\/v2\/types\/post"}],"author":[{"embeddable":true,"href":"https:\/\/tvtecjundiai.com.br\/news\/wp-json\/wp\/v2\/users\/27"}],"replies":[{"embeddable":true,"href":"https:\/\/tvtecjundiai.com.br\/news\/wp-json\/wp\/v2\/comments?post=80431"}],"version-history":[{"count":1,"href":"https:\/\/tvtecjundiai.com.br\/news\/wp-json\/wp\/v2\/posts\/80431\/revisions"}],"predecessor-version":[{"id":80435,"href":"https:\/\/tvtecjundiai.com.br\/news\/wp-json\/wp\/v2\/posts\/80431\/revisions\/80435"}],"wp:featuredmedia":[{"embeddable":true,"href":"https:\/\/tvtecjundiai.com.br\/news\/wp-json\/wp\/v2\/media\/80432"}],"wp:attachment":[{"href":"https:\/\/tvtecjundiai.com.br\/news\/wp-json\/wp\/v2\/media?parent=80431"}],"wp:term":[{"taxonomy":"category","embeddable":true,"href":"https:\/\/tvtecjundiai.com.br\/news\/wp-json\/wp\/v2\/categories?post=80431"},{"taxonomy":"post_tag","embeddable":true,"href":"https:\/\/tvtecjundiai.com.br\/news\/wp-json\/wp\/v2\/tags?post=80431"}],"curies":[{"name":"wp","href":"https:\/\/api.w.org\/{rel}","templated":true}]}}