{"id":80436,"date":"2021-08-06T09:25:59","date_gmt":"2021-08-06T12:25:59","guid":{"rendered":"https:\/\/tvtecjundiai.com.br\/news\/?p=80436"},"modified":"2021-08-06T10:34:26","modified_gmt":"2021-08-06T13:34:26","slug":"gestao-inovadora-e-investimentos-tecnologicos-de-jundiai-sao-apresentados-a-executivos","status":"publish","type":"post","link":"https:\/\/tvtecjundiai.com.br\/news\/2021\/08\/06\/gestao-inovadora-e-investimentos-tecnologicos-de-jundiai-sao-apresentados-a-executivos\/","title":{"rendered":"Gest\u00e3o inovadora e investimentos tecnol\u00f3gicos de Jundia\u00ed s\u00e3o apresentados a executivos"},"content":{"rendered":"\n<p>O prefeito de Jundia\u00ed, Luiz Fernando Machado, recebeu tr\u00eas representantes da empresa JBS na manh\u00e3 desta quinta-feira (05) e apresentou o trabalho de gest\u00e3o feito na cidade e os investimentos para atra\u00e7\u00e3o de empresas e em tecnologia. A JBS possui uma unidade na cidade.<\/p>\n\n\n\n<figure class=\"wp-block-image\"><img decoding=\"async\" src=\"https:\/\/jundiai.sp.gov.br\/noticias\/wp-content\/uploads\/sites\/32\/2021\/08\/cafe_com_prefeito_gabinete_jbs-24.jpg\" alt=\"\" class=\"wp-image-273808\" \/><figcaption>Os gestores Cristiano Lopes e Jos\u00e9 Antonio Parimoschi, a diretora Tania Bresciani, o prefeito Luiz Fernando, os gerentes Leopoldo Mendon\u00e7a e Jo\u00e3o Tavares e o diretor Gilson Pichioli participaram da reuni\u00e3o<\/figcaption><\/figure>\n\n\n\n<p>\u201cSomos a 7\u00aa economia do Estado e a 17\u00aa do pa\u00eds, o que s\u00f3 \u00e9 poss\u00edvel com uma gest\u00e3o que busca a atra\u00e7\u00e3o de empresas e a presta\u00e7\u00e3o de servi\u00e7os p\u00fablicos de excel\u00eancia\u201d, explica. \u201cTemos criado mecanismos para tornar o ambiente econ\u00f4mico cada vez melhor e buscado maneiras de ajudar o empreendedor da cidade.\u201d<\/p>\n\n\n\n<p>Da JBS, estiveram presentes o gerente de relacionamentos Leopoldo Mendon\u00e7a, o gerente de rela\u00e7\u00f5es Jo\u00e3o Tavares e a diretora da unidade de Jundia\u00ed, Tania Bresciani. E, da Prefeitura de Jundia\u00ed, o gestor de Governo e Finan\u00e7as, Jos\u00e9 Antonio Parimoschi, e o de Desenvolvimento Econ\u00f4mico, Ci\u00eancia e Tecnologia, Cristiano Lopes.<\/p>\n\n\n\n<p><em>(Fonte\/Imagem: Prefeitura de Jundia\u00ed)<\/em><\/p>\n","protected":false},"excerpt":{"rendered":"<p>Prefeito apresentou o trabalho de gest\u00e3o feito na cidade e os investimentos para atra\u00e7\u00e3o de empresas e em tecnologia<\/p>\n","protected":false},"author":24,"featured_media":80438,"comment_status":"closed","ping_status":"closed","sticky":false,"template":"","format":"standard","meta":{"footnotes":""},"categories":[8356],"tags":[],"class_list":["post-80436","post","type-post","status-publish","format-standard","has-post-thumbnail","hentry","category-jundiai"],"_links":{"self":[{"href":"https:\/\/tvtecjundiai.com.br\/news\/wp-json\/wp\/v2\/posts\/80436","targetHints":{"allow":["GET"]}}],"collection":[{"href":"https:\/\/tvtecjundiai.com.br\/news\/wp-json\/wp\/v2\/posts"}],"about":[{"href":"https:\/\/tvtecjundiai.com.br\/news\/wp-json\/wp\/v2\/types\/post"}],"author":[{"embeddable":true,"href":"https:\/\/tvtecjundiai.com.br\/news\/wp-json\/wp\/v2\/users\/24"}],"replies":[{"embeddable":true,"href":"https:\/\/tvtecjundiai.com.br\/news\/wp-json\/wp\/v2\/comments?post=80436"}],"version-history":[{"count":2,"href":"https:\/\/tvtecjundiai.com.br\/news\/wp-json\/wp\/v2\/posts\/80436\/revisions"}],"predecessor-version":[{"id":80445,"href":"https:\/\/tvtecjundiai.com.br\/news\/wp-json\/wp\/v2\/posts\/80436\/revisions\/80445"}],"wp:featuredmedia":[{"embeddable":true,"href":"https:\/\/tvtecjundiai.com.br\/news\/wp-json\/wp\/v2\/media\/80438"}],"wp:attachment":[{"href":"https:\/\/tvtecjundiai.com.br\/news\/wp-json\/wp\/v2\/media?parent=80436"}],"wp:term":[{"taxonomy":"category","embeddable":true,"href":"https:\/\/tvtecjundiai.com.br\/news\/wp-json\/wp\/v2\/categories?post=80436"},{"taxonomy":"post_tag","embeddable":true,"href":"https:\/\/tvtecjundiai.com.br\/news\/wp-json\/wp\/v2\/tags?post=80436"}],"curies":[{"name":"wp","href":"https:\/\/api.w.org\/{rel}","templated":true}]}}