{"id":8045,"date":"2018-03-27T09:35:45","date_gmt":"2018-03-27T12:35:45","guid":{"rendered":"https:\/\/tvtecjundiai.com.br\/news\/?p=8045"},"modified":"2018-03-27T09:35:45","modified_gmt":"2018-03-27T12:35:45","slug":"tecnologia-setor-tecnologico-no-brasil-aponta-crescimento-em-2017","status":"publish","type":"post","link":"https:\/\/tvtecjundiai.com.br\/news\/2018\/03\/27\/tecnologia-setor-tecnologico-no-brasil-aponta-crescimento-em-2017\/","title":{"rendered":"Tecnologia: setor tecnol\u00f3gico no Brasil aponta crescimento em 2017"},"content":{"rendered":"<p>O setor de tecnologia no Brasil apontou crescimento de 4,5% no ano passado, comparado com 2016. Com esse \u00edndice, o pa\u00eds\u00a0manteve a nona posi\u00e7\u00e3o no ranking global e permaneceu no grupo das 10 maiores pot\u00eancias do mundo. Em 2017, as empresas do segmento tecnol\u00f3gico movimentaram 38 bilh\u00f5es de d\u00f3lares. Os dados foram divulgados pela Associa\u00e7\u00e3o Brasileira das Empresas de Software (Abes) na \u00faltima segunda-feira (26).<\/p>\n<div id=\"attachment_8046\" style=\"width: 365px\" class=\"wp-caption alignleft\"><a href=\"https:\/\/tvtecjundiai.com.br\/news\/wp-content\/uploads\/sites\/2\/2018\/03\/Tecnologia-9.jpg\"><img loading=\"lazy\" decoding=\"async\" aria-describedby=\"caption-attachment-8046\" class=\"wp-image-8046\" src=\"https:\/\/tvtecjundiai.com.br\/news\/wp-content\/uploads\/sites\/2\/2018\/03\/Tecnologia-9.jpg\" alt=\"\" width=\"355\" height=\"236\" \/><\/a><p id=\"caption-attachment-8046\" class=\"wp-caption-text\">O crescimento pode ser atribu\u00eddo ao crescimento da economia, segundo especialistas<\/p><\/div>\n<p>\u201cFoi uma boa retomada\u201d, afirma Jorge Sukarie Neto, vice-presidente do conselho da Abes, diz, lembrando que o pa\u00eds j\u00e1 chegou a ser o s\u00e9timo maior mercado. Para o vice-presidente,\u00a0o crescimento foi um reflexo da reaquecimento da economia associado a uma maior confian\u00e7a de empres\u00e1rios na situa\u00e7\u00e3o pol\u00edtica, que os fizeram desengavetar investimentos em tecnologia que haviam sido colocados em espera.<\/p>\n<p>Em 2017,\u00a0o Brasil ampliou sua participa\u00e7\u00e3o nos investimentos totais da Am\u00e9rica Latina. Dos US$ 97,3 bilh\u00f5es de neg\u00f3cios gerados na regi\u00e3o, o Brasil foi respons\u00e1vel por 39% &#8211;no ano anterior, a fatia do pa\u00eds havia sido de 36%.<\/p>\n<p>Mesmo com o crescimento, o mercado de tecnologia brasileiro ficou abaixo da alta global, que foi de 5,5% e chegou a US$ 2 trilh\u00f5es. Para 2018, a expectativa da Abes \u00e9 que o crescimento no mundo seja de 4,3% e o avan\u00e7o no pa\u00eds seja de 4,1%.<\/p>\n<p><em>(Fonte: G1)<\/em><\/p>\n","protected":false},"excerpt":{"rendered":"<p>O pa\u00eds ainda mant\u00e9m a posi\u00e7\u00e3o no ranking global das 10 maiores pot\u00eancias <\/p>\n","protected":false},"author":11,"featured_media":8046,"comment_status":"closed","ping_status":"closed","sticky":false,"template":"","format":"standard","meta":{"footnotes":""},"categories":[29,1],"tags":[820,2196,346,1842,2646,2647,136,353],"class_list":["post-8045","post","type-post","status-publish","format-standard","has-post-thumbnail","hentry","category-destaque","category-noticias","tag-comparacao","tag-crescimento","tag-economia","tag-fundacao-tve","tag-potencia-mundial","tag-ranking","tag-rede-tvtec","tag-tecnologia"],"_links":{"self":[{"href":"https:\/\/tvtecjundiai.com.br\/news\/wp-json\/wp\/v2\/posts\/8045","targetHints":{"allow":["GET"]}}],"collection":[{"href":"https:\/\/tvtecjundiai.com.br\/news\/wp-json\/wp\/v2\/posts"}],"about":[{"href":"https:\/\/tvtecjundiai.com.br\/news\/wp-json\/wp\/v2\/types\/post"}],"author":[{"embeddable":true,"href":"https:\/\/tvtecjundiai.com.br\/news\/wp-json\/wp\/v2\/users\/11"}],"replies":[{"embeddable":true,"href":"https:\/\/tvtecjundiai.com.br\/news\/wp-json\/wp\/v2\/comments?post=8045"}],"version-history":[{"count":1,"href":"https:\/\/tvtecjundiai.com.br\/news\/wp-json\/wp\/v2\/posts\/8045\/revisions"}],"predecessor-version":[{"id":8047,"href":"https:\/\/tvtecjundiai.com.br\/news\/wp-json\/wp\/v2\/posts\/8045\/revisions\/8047"}],"wp:featuredmedia":[{"embeddable":true,"href":"https:\/\/tvtecjundiai.com.br\/news\/wp-json\/wp\/v2\/media\/8046"}],"wp:attachment":[{"href":"https:\/\/tvtecjundiai.com.br\/news\/wp-json\/wp\/v2\/media?parent=8045"}],"wp:term":[{"taxonomy":"category","embeddable":true,"href":"https:\/\/tvtecjundiai.com.br\/news\/wp-json\/wp\/v2\/categories?post=8045"},{"taxonomy":"post_tag","embeddable":true,"href":"https:\/\/tvtecjundiai.com.br\/news\/wp-json\/wp\/v2\/tags?post=8045"}],"curies":[{"name":"wp","href":"https:\/\/api.w.org\/{rel}","templated":true}]}}