{"id":80461,"date":"2021-08-06T14:31:08","date_gmt":"2021-08-06T17:31:08","guid":{"rendered":"https:\/\/tvtecjundiai.com.br\/news\/?p=80461"},"modified":"2021-08-06T17:18:54","modified_gmt":"2021-08-06T20:18:54","slug":"mamaes-tem-um-bate-papo-especial-sobre-aleitamento-e-maternidade-1","status":"publish","type":"post","link":"https:\/\/tvtecjundiai.com.br\/news\/2021\/08\/06\/mamaes-tem-um-bate-papo-especial-sobre-aleitamento-e-maternidade-1\/","title":{"rendered":"Mam\u00e3es t\u00eam um bate-papo especial sobre &#8216;Aleitamento e Maternidade&#8217; na EMEB \u00c2ngela Rinaldi"},"content":{"rendered":"\n<p>A Emeb Professora \u00c2ngela Rinaldi Bagne, no Rio Acima, recebeu na manh\u00e3 desta sexta-feira (06), um bate-papo especial com as m\u00e3es de alunos matriculados do G1 (crian\u00e7as de at\u00e9 um ano). Com tema \u201cPromo\u00e7\u00e3o do Aleitamento Materno e da Alimenta\u00e7\u00e3o Complementar Saud\u00e1vel\u201d, o encontro contou com a participa\u00e7\u00e3o de dez mulheres e fez parte da programa\u00e7\u00e3o de Jundia\u00ed pela Semana do Beb\u00ea e Semana Mundial do Aleitamento Materno, realizada pelo Comit\u00ea Gestor Municipal do programa SP pela Primeir\u00edssima Inf\u00e2ncia (SPPI).<\/p>\n\n\n\n<p>Sob a condu\u00e7\u00e3o da enfermeira Isadora Trinquinato, consultora em Amamenta\u00e7\u00e3o, e da dentista Fernanda Medina, da Unidade B\u00e1sica de Sa\u00fade (UBS) e Estrat\u00e9gia de Sa\u00fade da Fam\u00edlia (ESF) do bairro, a roda de conversa trouxe como temas envolvendo o aleitamento materno, a introdu\u00e7\u00e3o alimentar, a import\u00e2ncia da rede de apoio \u00e0s pu\u00e9rperas (per\u00edodo p\u00f3s-parto), higiene bucal da crian\u00e7a, relatos de dificuldades para a pega do peito e os tipos de ar\u00e9olas, al\u00e9m de temas envolvendo paternidade e machismo. &nbsp;<\/p>\n\n\n\n<figure class=\"wp-block-image size-large\"><img loading=\"lazy\" decoding=\"async\" width=\"1200\" height=\"900\" src=\"https:\/\/tvtecjundiai.com.br\/news\/wp-content\/uploads\/sites\/2\/2021\/08\/emeb_angela_bagne_aleitamento-2-1200x900.jpeg\" alt=\"\" class=\"wp-image-80462\" srcset=\"https:\/\/tvtecjundiai.com.br\/news\/wp-content\/uploads\/sites\/2\/2021\/08\/emeb_angela_bagne_aleitamento-2-1200x900.jpeg 1200w, https:\/\/tvtecjundiai.com.br\/news\/wp-content\/uploads\/sites\/2\/2021\/08\/emeb_angela_bagne_aleitamento-2-300x225.jpeg 300w, https:\/\/tvtecjundiai.com.br\/news\/wp-content\/uploads\/sites\/2\/2021\/08\/emeb_angela_bagne_aleitamento-2-768x576.jpeg 768w, https:\/\/tvtecjundiai.com.br\/news\/wp-content\/uploads\/sites\/2\/2021\/08\/emeb_angela_bagne_aleitamento-2.jpeg 1280w\" sizes=\"auto, (max-width: 1200px) 100vw, 1200px\" \/><figcaption>M\u00e3es e especialistas puderam conversar sobre Aleitamento Materno e Alimenta\u00e7\u00e3o Complementar<br><\/figcaption><\/figure>\n\n\n\n<p>A servidora p\u00fablica municipal Ana Carolina Gomes, m\u00e3e do Heitor, um ano e nove meses, ressaltou a import\u00e2ncia da atividade. \u201cEsta foi uma roda de conversa muito esclarecedora, em que pudemos tratar de diversos temas, inclusive das ang\u00fastias da maternidade\u201d. E compartilhou: \u201cO Heitor teve muita dificuldade no primeiro m\u00eas para pegar o peito. Ele estava aprendendo a mamar e eu aprendendo a amamentar. Por isso foi fundamental o apoio da minha fam\u00edlia. Depois tudo passou a ser mais tranquilo e, at\u00e9 os seis meses, fizemos a amamenta\u00e7\u00e3o exclusiva, at\u00e9 a introdu\u00e7\u00e3o de outros alimentos. Ainda hoje ele mama no peito, mas geralmente ele pede s\u00f3 \u00e0 noite, antes de dormir\u201d, compartilhou.<\/p>\n\n\n\n<p>A Emeb \u00c2ngela \u00e9 uma das escolas da Unidade de Gest\u00e3o de Educa\u00e7\u00e3o (UGE) que possuem os \u201cCantinhos da Amamenta\u00e7\u00e3o\u201d, espa\u00e7o viabilizado para que as m\u00e3es de alunos e toda a comunidade possam amamentar.<\/p>\n\n\n\n<figure class=\"wp-block-image size-large\"><img loading=\"lazy\" decoding=\"async\" width=\"1200\" height=\"900\" src=\"https:\/\/tvtecjundiai.com.br\/news\/wp-content\/uploads\/sites\/2\/2021\/08\/emeb_angela_bagne_aleitamento-1-1200x900.jpeg\" alt=\"\" class=\"wp-image-80463\" srcset=\"https:\/\/tvtecjundiai.com.br\/news\/wp-content\/uploads\/sites\/2\/2021\/08\/emeb_angela_bagne_aleitamento-1-1200x900.jpeg 1200w, https:\/\/tvtecjundiai.com.br\/news\/wp-content\/uploads\/sites\/2\/2021\/08\/emeb_angela_bagne_aleitamento-1-300x225.jpeg 300w, https:\/\/tvtecjundiai.com.br\/news\/wp-content\/uploads\/sites\/2\/2021\/08\/emeb_angela_bagne_aleitamento-1-768x576.jpeg 768w, https:\/\/tvtecjundiai.com.br\/news\/wp-content\/uploads\/sites\/2\/2021\/08\/emeb_angela_bagne_aleitamento-1.jpeg 1280w\" sizes=\"auto, (max-width: 1200px) 100vw, 1200px\" \/><figcaption>Ana Carolina: \u201cAinda hoje o Heitor mama no peito, mas geralmente pede s\u00f3 \u00e0 noite, antes de dormir\u201d<br><\/figcaption><\/figure>\n\n\n\n<p><strong>Mais programa\u00e7\u00e3o<\/strong><br>Na pr\u00f3xima sexta-feira (13), a partir das 9h, ser\u00e1 realizado o Semin\u00e1rio Proteger a Amamenta\u00e7\u00e3o, na plataforma Zoom, voltada para os profissionais do Comit\u00ea ampliado do SPPI no Munic\u00edpio. Os interessados podem se inscrever at\u00e9 as 8h do dia do evento por meio de&nbsp;<a href=\"https:\/\/forms.gle\/oL9b4TTvkLu6YRU7A\" target=\"_blank\" rel=\"noreferrer noopener\">formul\u00e1rio on-line<\/a>.<\/p>\n\n\n\n<p>Est\u00e3o previstas outras atividades virtuais e interativas, com as hashtags #smamjundiai2021 e #sbbjundiai2021, como a s\u00e9rie \u201cP\u00edlulas de Tet\u00ea\u201d nas redes sociais da TVTEC, da UGC e do SPPI, al\u00e9m de grupos de WhatsApp dos usu\u00e1rios, e outras atividades.<\/p>\n\n\n\n<p><em>(Fonte\/Imagem: Prefeitura de Jundia\u00ed)<\/em><\/p>\n","protected":false},"excerpt":{"rendered":"<p>A conversa trouxe temas envolvendo o aleitamento materno, introdu\u00e7\u00e3o alimentar e rede de apoio.<\/p>\n","protected":false},"author":27,"featured_media":80462,"comment_status":"closed","ping_status":"closed","sticky":false,"template":"","format":"standard","meta":{"footnotes":""},"categories":[8356],"tags":[],"class_list":["post-80461","post","type-post","status-publish","format-standard","has-post-thumbnail","hentry","category-jundiai"],"_links":{"self":[{"href":"https:\/\/tvtecjundiai.com.br\/news\/wp-json\/wp\/v2\/posts\/80461","targetHints":{"allow":["GET"]}}],"collection":[{"href":"https:\/\/tvtecjundiai.com.br\/news\/wp-json\/wp\/v2\/posts"}],"about":[{"href":"https:\/\/tvtecjundiai.com.br\/news\/wp-json\/wp\/v2\/types\/post"}],"author":[{"embeddable":true,"href":"https:\/\/tvtecjundiai.com.br\/news\/wp-json\/wp\/v2\/users\/27"}],"replies":[{"embeddable":true,"href":"https:\/\/tvtecjundiai.com.br\/news\/wp-json\/wp\/v2\/comments?post=80461"}],"version-history":[{"count":2,"href":"https:\/\/tvtecjundiai.com.br\/news\/wp-json\/wp\/v2\/posts\/80461\/revisions"}],"predecessor-version":[{"id":80486,"href":"https:\/\/tvtecjundiai.com.br\/news\/wp-json\/wp\/v2\/posts\/80461\/revisions\/80486"}],"wp:featuredmedia":[{"embeddable":true,"href":"https:\/\/tvtecjundiai.com.br\/news\/wp-json\/wp\/v2\/media\/80462"}],"wp:attachment":[{"href":"https:\/\/tvtecjundiai.com.br\/news\/wp-json\/wp\/v2\/media?parent=80461"}],"wp:term":[{"taxonomy":"category","embeddable":true,"href":"https:\/\/tvtecjundiai.com.br\/news\/wp-json\/wp\/v2\/categories?post=80461"},{"taxonomy":"post_tag","embeddable":true,"href":"https:\/\/tvtecjundiai.com.br\/news\/wp-json\/wp\/v2\/tags?post=80461"}],"curies":[{"name":"wp","href":"https:\/\/api.w.org\/{rel}","templated":true}]}}